{"id":474,"date":"2016-03-17T06:54:12","date_gmt":"2016-03-17T05:54:12","guid":{"rendered":"https:\/\/www.fincas4you.com\/blog\/?p=474"},"modified":"2021-12-07T15:08:54","modified_gmt":"2021-12-07T14:08:54","slug":"ostern-auf-mallorca","status":"publish","type":"post","link":"https:\/\/www.fincas4you.com\/blog\/ostern-auf-mallorca\/","title":{"rendered":"Ostern auf Mallorca: Prozessionen dauern bis Mitternacht"},"content":{"rendered":"\n<style type=\"text\/css\" data-created_by=\"avia_inline_auto\" id=\"style-css-av-rwlhm-b1d16e875837b8b2651119def56ac4b6\">\n.flex_column.av-rwlhm-b1d16e875837b8b2651119def56ac4b6{\nborder-radius:0px 0px 0px 0px;\npadding:0px 0px 0px 0px;\n}\n<\/style>\n<div  class='flex_column av-rwlhm-b1d16e875837b8b2651119def56ac4b6 av_one_full  avia-builder-el-0  el_before_av_one_fourth  avia-builder-el-first  first flex_column_div av-zero-column-padding  '     ><p><section  class='av_textblock_section av-kypci-1b4402722cfcc3f1c421c6b29100267b '  ><div class='avia_textblock' ><p><strong>Von Kutten und Kreuzen: Ostern auf der Insel<\/strong><\/p>\n<p>Na, wissen Sie schon, wie Sie die Ostertage verbringen? Und vor allem: WO?\u00a0Kurzentschlossenen kann ich nat\u00fcrlich einen Kurztrip auf meine Lieblingsinsel nur ans Herz legen. Die Temperaturen liegen Ende M\u00e4rz bzw. Anfang April oft schon bei \u00fcber 20 Grad und die Sonne tut dem Gem\u00fct einfach nur gut.\u00a0Besonders empfehlenswert ist die Reisezeit auch deshalb, weil Sie dann in den Genuss kommen k\u00f6nnen, dem spanischen Osterfest bei zu wohnen: Nirgendwo auf der Welt zelebrieren Gl\u00e4ubige die Passion Christi eindrucksvoller als in Spanien.<!--more--><img loading=\"lazy\" decoding=\"async\" class=\"size-medium wp-image-468 alignright\" src=\"https:\/\/www.fincas4you.com\/blog\/wp-content\/uploads\/2016\/03\/Fotolia_61197105_Subscription_Monthly_M-300x218.jpg\" alt=\"Auf warme Temperaturen an Ostern k\u00f6nnen sich Mallorca-Reisende freuen \" width=\"300\" height=\"218\" srcset=\"https:\/\/www.fincas4you.com\/blog\/wp-content\/uploads\/2016\/03\/Fotolia_61197105_Subscription_Monthly_M-300x218.jpg 300w, https:\/\/www.fincas4you.com\/blog\/wp-content\/uploads\/2016\/03\/Fotolia_61197105_Subscription_Monthly_M-768x557.jpg 768w, https:\/\/www.fincas4you.com\/blog\/wp-content\/uploads\/2016\/03\/Fotolia_61197105_Subscription_Monthly_M-1030x747.jpg 1030w, https:\/\/www.fincas4you.com\/blog\/wp-content\/uploads\/2016\/03\/Fotolia_61197105_Subscription_Monthly_M-1500x1088.jpg 1500w, https:\/\/www.fincas4you.com\/blog\/wp-content\/uploads\/2016\/03\/Fotolia_61197105_Subscription_Monthly_M-705x511.jpg 705w, https:\/\/www.fincas4you.com\/blog\/wp-content\/uploads\/2016\/03\/Fotolia_61197105_Subscription_Monthly_M-450x326.jpg 450w, https:\/\/www.fincas4you.com\/blog\/wp-content\/uploads\/2016\/03\/Fotolia_61197105_Subscription_Monthly_M.jpg 1619w\" sizes=\"auto, (max-width: 300px) 100vw, 300px\" \/><\/p>\n<p>In der Semana Santa, wie die Karwoche hier genannt wird, ziehen hunderte vermummte Gestalten mit hohen Kapuzen und rasselnden Eisenketten durch die Stra\u00dfen der Orte.\u00a0Auf Mallorca gibt es \u00fcber 50 Bruderschaften, die sogenannten <em><strong>Confraries<\/strong><\/em>, allein 30 von ihnen sind in Palma organisiert. Die Mitgliedschaft ist eine Ehre und wird meist vom Vater auf den Sohn vererbt \u2013 heutzutage auch von der Mutter auf die Tochter.<\/p>\n<p>In diesem Jahr dauert die \u201eSemana Santa\u201c vom 24. bis 28. M\u00e4rz und Mallorcas Hauptstadt <strong><em>Palma<\/em><\/strong> wird am Gr\u00fcndonnerstag Schauplatz einer faszinierenden Trag\u00f6die: Schon mittags sichern sich erste Besucher die besten Pl\u00e4tze auf den Zuschauertrib\u00fcnen, aber erst am sp\u00e4ten Nachmittag beginnt die gr\u00f6\u00dfte und wichtigste Osterprozession Mallorcas, die <em><strong>&#8222;Process\u00f3 del Sant Crist de la Sang&#8220;<\/strong><\/em> (Prozession des Heiligen Christus vom Blut). Sie ist deshalb so spektakul\u00e4r, da alle Bruderschaften der Insel an ihr teilnehmen. Angef\u00fchrt wird das barock anmutende Spektakel von den Offizieren der \u00e4ltesten Bruderschaft &#8222;Confraria de la Sang&#8220;.<\/p>\n<p><img decoding=\"async\" class=\"size-medium wp-image-470 alignleft\" src=\"https:\/\/www.fincas4you.com\/blog\/wp-content\/uploads\/2016\/03\/Fotolia_64344573_S-300x200.jpg\" alt=\"Feierliche Osterprozession auf Mallorca \" width=\"300\" height=\"200\" srcset=\"https:\/\/www.fincas4you.com\/blog\/wp-content\/uploads\/2016\/03\/Fotolia_64344573_S-300x200.jpg 300w, https:\/\/www.fincas4you.com\/blog\/wp-content\/uploads\/2016\/03\/Fotolia_64344573_S-768x512.jpg 768w, https:\/\/www.fincas4you.com\/blog\/wp-content\/uploads\/2016\/03\/Fotolia_64344573_S-845x566.jpg 845w, https:\/\/www.fincas4you.com\/blog\/wp-content\/uploads\/2016\/03\/Fotolia_64344573_S-705x470.jpg 705w, https:\/\/www.fincas4you.com\/blog\/wp-content\/uploads\/2016\/03\/Fotolia_64344573_S-450x300.jpg 450w, https:\/\/www.fincas4you.com\/blog\/wp-content\/uploads\/2016\/03\/Fotolia_64344573_S.jpg 849w\" sizes=\"(max-width: 300px) 100vw, 300px\" \/>Auserw\u00e4hlte B\u00fc\u00dfer d\u00fcrfen dann die tonnenschweren Alt\u00e4re mit Heiligenfiguren durch die Gassen tragen. Riesige Holzkreuze werden von den sogenannten &#8222;Nazarenos&#8220; geschultert.\u00a0Stundenlang tropft Kerzenwachs auf die Pflastersteine der Altstadt, begleitet von dumpfen Trommelschl\u00e4gen, Rasseln von Ketten, Peitschenhieben &#8211; und jeder Menge Besucher, die von ganzem Herzen mit Jesus und der Jungfrau Maria weinen.<\/p>\n<p><strong>Spektakul\u00e4r in Manacor<\/strong><\/p>\n<p>Aber erst in den fr\u00fchen Morgenstunden des Karfreitages erreichen die vielen tausend B\u00fc\u00dfer wieder die Spitalkirche \u2013 die Beginn und Ziel der Prozession darstellt. \u00a0Spektakul\u00e4r geht es in der Karwoche auch in <strong><em>Manacor<\/em><\/strong> zu. Hier ziehen die B\u00fc\u00dfer mit ihren langen spitzen H\u00fcten am Mittwoch, Donnerstag und Freitag durch die engen Gassen der Altstadt. Mit dem letzten Umzug am Sonntagfr\u00fch enden hier die Osterprozessionen.<\/p>\n<p><strong>Mythische Prozession in Pollensa<\/strong><\/p>\n<p>Eine regelrecht mythische Prozession findet am Karfreitag am Kalvarienberg in <strong><em>Pollensa<\/em><\/strong> statt.\u00a0Entlang der geschichtstr\u00e4chtigen <em><strong>\u201eEscalinata\u201c<\/strong><\/em>, welche aus exakt 365 Stufen besteht, versammeln sich Hunderte Gl\u00e4ubige, Teilnehmer und Zuschauer. Die 365 Stufen stehen f\u00fcr die Befreiung der S\u00fcnden (f\u00fcr jeden Tag des Jahres eine Stufe) und stellen eines der Wahrzeichen f\u00fcr christliche Gl\u00e4ubige auf der Baleareninsel dar. Am fr\u00fchen Abend wird sich bei kirchlicher Musik auf den Prozessionslauf eingestimmt.<\/p>\n<p>Britt Jolig: &#8222;Ostern auf Mallorca ist ein tolles Erlebnis&#8220;In der D\u00e4mmerung beziehen dann zwei r\u00f6mische Soldaten Stellung am riesigen Holzkreuz welches auf dem Kalvarienberg errichtet wurde. Entlang der 365stufigen Treppe werden nun in stundenlanger Arbeit alle \u00d6llampen entz\u00fcndet.\u00a0Am sp\u00e4ten Abend, gegen 21 Uhr, wird dann Pollensas Christus-Statue im Rahmen einer stimmungsvollen Prozession vom Kreuz herab genommen, in einen beleuchteten Sarkophag gelegt und begleitet von hunderten maskierter Helfer mit Fackeln den gesamten Kalvarienberg hinunter getragen \u2013 und das in absoluter Stille und Schweigen! G\u00e4nsehaut-Gef\u00fchl pur.<\/p>\n<p><strong>Kreuzabnahme in Art\u00e0<\/strong><\/p>\n<p>Nahezu zeitgleich, gegen 21.30 Uhr, wird am Karfreitag in <strong><em>Art\u00e0<\/em><\/strong> die Christus-Statue auf dem Gel\u00e4nde des Sanktuariums von Sant Salvador vom Kreuz genommen. Bei dieser Zeremonie wird die Kreuzabnahme des leblosen K\u00f6rpers Jesus durch Nikodemus und Joseph von Arimathia nachgespielt. Anschlie\u00dfend beginnt eine prachtvolle Prozession vom Sanktuariumsgel\u00e4nde bis zur Pfarrkirche, in welcher der leblose Corpus Christi in einem Glassarg durch die Stra\u00dfen getragen wird.<\/p>\n<p>Mit der farbenpr\u00e4chtigen <strong><em>L\u2019Encontre Prozession<\/em><\/strong>, die am Morgen des Ostersonntag vor der Messe in vielen Gemeinden der Insel stattfindet, wird das Ende der Osterprozessionen eingel\u00e4utet. Genauer gesagt handelt es sich hierbei um zwei Prozessionen, bei der eine Marien- und eine Jesusfigur aufeinandertreffen: F\u00fcr die Gl\u00e4ubigen ist es die Darstellung der Begegnung zwischen Maria und ihrem wieder auferstandenen Sohn Jesus.<\/p>\n<p>Ich hoffe, dass ich Ihnen die Entscheidung, Ostern auf Mallorca zu verbringen, etwas erleichtern konnte und freue mich, Sie bald hier begr\u00fc\u00dfen zu k\u00f6nnen.<\/p>\n<p>Ihr fincas4you Team<\/p>\n<\/div><\/section><br \/>\n<div id='av-masonry-1' class='av-masonry av-1hveq-09edeaf94e247d678f80b621687455d2 noHover av-flex-size av-large-gap av-hover-overlay-active av-masonry-animation-active av-masonry-col-flexible av-caption-always av-caption-style- av-masonry-gallery ' data-post_id=\"474\"><div class=\"av-masonry-container isotope av-js-disabled\"><div class='av-masonry-entry isotope-item av-masonry-item-no-image '><\/div><a href=\"https:\/\/www.fincas4you.com\/blog\/wp-content\/uploads\/2016\/03\/Fotolia_64344573_S.jpg\" data-srcset=\"https:\/\/www.fincas4you.com\/blog\/wp-content\/uploads\/2016\/03\/Fotolia_64344573_S.jpg 849w, https:\/\/www.fincas4you.com\/blog\/wp-content\/uploads\/2016\/03\/Fotolia_64344573_S-300x200.jpg 300w, https:\/\/www.fincas4you.com\/blog\/wp-content\/uploads\/2016\/03\/Fotolia_64344573_S-768x512.jpg 768w, https:\/\/www.fincas4you.com\/blog\/wp-content\/uploads\/2016\/03\/Fotolia_64344573_S-705x470.jpg 705w, https:\/\/www.fincas4you.com\/blog\/wp-content\/uploads\/2016\/03\/Fotolia_64344573_S-450x300.jpg 450w\" data-sizes=\"(max-width: 849px) 100vw, 849px\"  aria-label=\"Bild Feierliche Osterprozession auf Mallorca\"  id='av-masonry-1-item-470' data-av-masonry-item='470' class='av-masonry-entry isotope-item post-470 attachment type-attachment status-inherit hentry  av-masonry-item-with-image' title=\"Feierliche Osterprozession auf Mallorca\" alt=\"Osterprozession auf Mallorca\"   ><div class='av-inner-masonry-sizer'><\/div><figure class='av-inner-masonry main_color'><div class=\"av-masonry-outerimage-container\"><div class='av-masonry-image-container'  ><img decoding=\"async\" width=\"705\" height=\"470\" fetchpriority=\"high\" class=\"wp-image-470 avia-img-lazy-loading-not-470\"  src=\"https:\/\/www.fincas4you.com\/blog\/wp-content\/uploads\/2016\/03\/Fotolia_64344573_S-705x470.jpg\" title=\"Feierliche Osterprozession auf Mallorca\" alt=\"Osterprozession auf Mallorca\" srcset=\"https:\/\/www.fincas4you.com\/blog\/wp-content\/uploads\/2016\/03\/Fotolia_64344573_S-705x470.jpg 705w, https:\/\/www.fincas4you.com\/blog\/wp-content\/uploads\/2016\/03\/Fotolia_64344573_S-300x200.jpg 300w, https:\/\/www.fincas4you.com\/blog\/wp-content\/uploads\/2016\/03\/Fotolia_64344573_S-768x512.jpg 768w, https:\/\/www.fincas4you.com\/blog\/wp-content\/uploads\/2016\/03\/Fotolia_64344573_S-450x300.jpg 450w, https:\/\/www.fincas4you.com\/blog\/wp-content\/uploads\/2016\/03\/Fotolia_64344573_S.jpg 849w\" sizes=\"(max-width: 705px) 100vw, 705px\" \/><\/div><\/div><figcaption class='av-inner-masonry-content site-background'><div class='av-inner-masonry-content-pos'><div class='av-inner-masonry-content-pos-content'><div class='avia-arrow'><\/div><h3 class='av-masonry-entry-title entry-title ' >Feierliche Osterprozession auf Mallorca<\/h3><\/div><\/div><\/figcaption><\/figure><\/a><!--end av-masonry entry--><a href=\"https:\/\/www.fincas4you.com\/blog\/wp-content\/uploads\/2016\/03\/FullSizeRender-5-721x1030.jpg\" data-srcset=\"https:\/\/www.fincas4you.com\/blog\/wp-content\/uploads\/2016\/03\/FullSizeRender-5-721x1030.jpg 721w, https:\/\/www.fincas4you.com\/blog\/wp-content\/uploads\/2016\/03\/FullSizeRender-5-210x300.jpg 210w, https:\/\/www.fincas4you.com\/blog\/wp-content\/uploads\/2016\/03\/FullSizeRender-5-768x1096.jpg 768w, https:\/\/www.fincas4you.com\/blog\/wp-content\/uploads\/2016\/03\/FullSizeRender-5-1051x1500.jpg 1051w, https:\/\/www.fincas4you.com\/blog\/wp-content\/uploads\/2016\/03\/FullSizeRender-5-494x705.jpg 494w, https:\/\/www.fincas4you.com\/blog\/wp-content\/uploads\/2016\/03\/FullSizeRender-5-450x642.jpg 450w\" data-sizes=\"(max-width: 721px) 100vw, 721px\"  aria-label=\"Bild Mallorca Delicatessen\"  id='av-masonry-1-item-472' data-av-masonry-item='472' class='av-masonry-entry isotope-item post-472 attachment type-attachment status-inherit hentry  av-masonry-item-with-image' title=\"Mallorca Delicatessen\" alt=\"Mallorca Delicatessen\"   ><div class='av-inner-masonry-sizer'><\/div><figure class='av-inner-masonry main_color'><div class=\"av-masonry-outerimage-container\"><div class='av-masonry-image-container'  ><img decoding=\"async\" width=\"494\" height=\"705\" fetchpriority=\"high\" class=\"wp-image-472 avia-img-lazy-loading-not-472\"  src=\"https:\/\/www.fincas4you.com\/blog\/wp-content\/uploads\/2016\/03\/FullSizeRender-5-494x705.jpg\" title=\"Mallorca Delicatessen\" alt=\"Mallorca Delicatessen\" srcset=\"https:\/\/www.fincas4you.com\/blog\/wp-content\/uploads\/2016\/03\/FullSizeRender-5-494x705.jpg 494w, https:\/\/www.fincas4you.com\/blog\/wp-content\/uploads\/2016\/03\/FullSizeRender-5-210x300.jpg 210w, https:\/\/www.fincas4you.com\/blog\/wp-content\/uploads\/2016\/03\/FullSizeRender-5-768x1096.jpg 768w, https:\/\/www.fincas4you.com\/blog\/wp-content\/uploads\/2016\/03\/FullSizeRender-5-721x1030.jpg 721w, https:\/\/www.fincas4you.com\/blog\/wp-content\/uploads\/2016\/03\/FullSizeRender-5-1051x1500.jpg 1051w, https:\/\/www.fincas4you.com\/blog\/wp-content\/uploads\/2016\/03\/FullSizeRender-5-450x642.jpg 450w\" sizes=\"(max-width: 494px) 100vw, 494px\" \/><\/div><\/div><figcaption class='av-inner-masonry-content site-background'><div class='av-inner-masonry-content-pos'><div class='av-inner-masonry-content-pos-content'><div class='avia-arrow'><\/div><h3 class='av-masonry-entry-title entry-title ' >Mallorca Delicatessen<\/h3><\/div><\/div><\/figcaption><\/figure><\/a><!--end av-masonry entry--><a href=\"https:\/\/www.fincas4you.com\/blog\/wp-content\/uploads\/2016\/03\/FullSizeRender-6-647x1030.jpg\" data-srcset=\"https:\/\/www.fincas4you.com\/blog\/wp-content\/uploads\/2016\/03\/FullSizeRender-6-647x1030.jpg 647w, https:\/\/www.fincas4you.com\/blog\/wp-content\/uploads\/2016\/03\/FullSizeRender-6-188x300.jpg 188w, https:\/\/www.fincas4you.com\/blog\/wp-content\/uploads\/2016\/03\/FullSizeRender-6-768x1223.jpg 768w, https:\/\/www.fincas4you.com\/blog\/wp-content\/uploads\/2016\/03\/FullSizeRender-6-942x1500.jpg 942w, https:\/\/www.fincas4you.com\/blog\/wp-content\/uploads\/2016\/03\/FullSizeRender-6-443x705.jpg 443w, https:\/\/www.fincas4you.com\/blog\/wp-content\/uploads\/2016\/03\/FullSizeRender-6-450x717.jpg 450w\" data-sizes=\"(max-width: 647px) 100vw, 647px\"  aria-label=\"Bild Mallorca Delicatessen\"  id='av-masonry-1-item-471' data-av-masonry-item='471' class='av-masonry-entry isotope-item post-471 attachment type-attachment status-inherit hentry  av-masonry-item-with-image' title=\"Mallorca Delicatessen\" alt=\"Mallorca Delicatessen\"   ><div class='av-inner-masonry-sizer'><\/div><figure class='av-inner-masonry main_color'><div class=\"av-masonry-outerimage-container\"><div class='av-masonry-image-container'  ><img decoding=\"async\" width=\"443\" height=\"705\" fetchpriority=\"high\" class=\"wp-image-471 avia-img-lazy-loading-not-471\"  src=\"https:\/\/www.fincas4you.com\/blog\/wp-content\/uploads\/2016\/03\/FullSizeRender-6-443x705.jpg\" title=\"Mallorca Delicatessen\" alt=\"Mallorca Delicatessen\" srcset=\"https:\/\/www.fincas4you.com\/blog\/wp-content\/uploads\/2016\/03\/FullSizeRender-6-443x705.jpg 443w, https:\/\/www.fincas4you.com\/blog\/wp-content\/uploads\/2016\/03\/FullSizeRender-6-188x300.jpg 188w, https:\/\/www.fincas4you.com\/blog\/wp-content\/uploads\/2016\/03\/FullSizeRender-6-768x1223.jpg 768w, https:\/\/www.fincas4you.com\/blog\/wp-content\/uploads\/2016\/03\/FullSizeRender-6-647x1030.jpg 647w, https:\/\/www.fincas4you.com\/blog\/wp-content\/uploads\/2016\/03\/FullSizeRender-6-942x1500.jpg 942w, https:\/\/www.fincas4you.com\/blog\/wp-content\/uploads\/2016\/03\/FullSizeRender-6-450x717.jpg 450w\" sizes=\"(max-width: 443px) 100vw, 443px\" \/><\/div><\/div><figcaption class='av-inner-masonry-content site-background'><div class='av-inner-masonry-content-pos'><div class='av-inner-masonry-content-pos-content'><div class='avia-arrow'><\/div><h3 class='av-masonry-entry-title entry-title ' >Mallorca Delicatessen<\/h3><\/div><\/div><\/figcaption><\/figure><\/a><!--end av-masonry entry--><a href=\"https:\/\/www.fincas4you.com\/blog\/wp-content\/uploads\/2016\/03\/Fotolia_80515257_Subscription_Monthly_M-1030x686.jpg\" data-srcset=\"https:\/\/www.fincas4you.com\/blog\/wp-content\/uploads\/2016\/03\/Fotolia_80515257_Subscription_Monthly_M-1030x686.jpg 1030w, https:\/\/www.fincas4you.com\/blog\/wp-content\/uploads\/2016\/03\/Fotolia_80515257_Subscription_Monthly_M-300x200.jpg 300w, https:\/\/www.fincas4you.com\/blog\/wp-content\/uploads\/2016\/03\/Fotolia_80515257_Subscription_Monthly_M-768x512.jpg 768w, https:\/\/www.fincas4you.com\/blog\/wp-content\/uploads\/2016\/03\/Fotolia_80515257_Subscription_Monthly_M-1500x1000.jpg 1500w, https:\/\/www.fincas4you.com\/blog\/wp-content\/uploads\/2016\/03\/Fotolia_80515257_Subscription_Monthly_M-705x470.jpg 705w, https:\/\/www.fincas4you.com\/blog\/wp-content\/uploads\/2016\/03\/Fotolia_80515257_Subscription_Monthly_M-450x300.jpg 450w, https:\/\/www.fincas4you.com\/blog\/wp-content\/uploads\/2016\/03\/Fotolia_80515257_Subscription_Monthly_M.jpg 1688w\" data-sizes=\"(max-width: 1030px) 100vw, 1030px\"  aria-label=\"Bild Cala Llombards Santanyi\"  id='av-masonry-1-item-466' data-av-masonry-item='466' class='av-masonry-entry isotope-item post-466 attachment type-attachment status-inherit hentry  av-masonry-item-with-image' title=\"Cala Llombards Santanyi\" alt=\"Cala Llombards Santanyi\"   ><div class='av-inner-masonry-sizer'><\/div><figure class='av-inner-masonry main_color'><div class=\"av-masonry-outerimage-container\"><div class='av-masonry-image-container'  ><img decoding=\"async\" width=\"705\" height=\"470\" fetchpriority=\"high\" class=\"wp-image-466 avia-img-lazy-loading-not-466\"  src=\"https:\/\/www.fincas4you.com\/blog\/wp-content\/uploads\/2016\/03\/Fotolia_80515257_Subscription_Monthly_M-705x470.jpg\" title=\"Cala Llombards Santanyi\" alt=\"Cala Llombards Santanyi\" srcset=\"https:\/\/www.fincas4you.com\/blog\/wp-content\/uploads\/2016\/03\/Fotolia_80515257_Subscription_Monthly_M-705x470.jpg 705w, https:\/\/www.fincas4you.com\/blog\/wp-content\/uploads\/2016\/03\/Fotolia_80515257_Subscription_Monthly_M-300x200.jpg 300w, https:\/\/www.fincas4you.com\/blog\/wp-content\/uploads\/2016\/03\/Fotolia_80515257_Subscription_Monthly_M-768x512.jpg 768w, https:\/\/www.fincas4you.com\/blog\/wp-content\/uploads\/2016\/03\/Fotolia_80515257_Subscription_Monthly_M-1030x686.jpg 1030w, https:\/\/www.fincas4you.com\/blog\/wp-content\/uploads\/2016\/03\/Fotolia_80515257_Subscription_Monthly_M-1500x1000.jpg 1500w, https:\/\/www.fincas4you.com\/blog\/wp-content\/uploads\/2016\/03\/Fotolia_80515257_Subscription_Monthly_M-450x300.jpg 450w, https:\/\/www.fincas4you.com\/blog\/wp-content\/uploads\/2016\/03\/Fotolia_80515257_Subscription_Monthly_M.jpg 1688w\" sizes=\"(max-width: 705px) 100vw, 705px\" \/><\/div><\/div><figcaption class='av-inner-masonry-content site-background'><div class='av-inner-masonry-content-pos'><div class='av-inner-masonry-content-pos-content'><div class='avia-arrow'><\/div><h3 class='av-masonry-entry-title entry-title ' >Cala Llombards Santanyi<\/h3><div class='av-masonry-entry-content entry-content' >Majorca Cala Llombards Santanyi beach in Mallorca Balearic Island of Spain<\/div><\/div><\/div><\/figcaption><\/figure><\/a><!--end av-masonry entry--><\/div><\/div><\/p><\/div>\n<style type=\"text\/css\" data-created_by=\"avia_inline_auto\" id=\"style-css-av-b4dy2-05da34f46a314fb38d43adad99322731\">\n.flex_column.av-b4dy2-05da34f46a314fb38d43adad99322731{\nborder-radius:0px 0px 0px 0px;\npadding:0px 0px 0px 0px;\n}\n<\/style>\n<div  class='flex_column av-b4dy2-05da34f46a314fb38d43adad99322731 av_one_fourth  avia-builder-el-3  el_after_av_one_full  avia-builder-el-last  first flex_column_div av-zero-column-padding  column-top-margin'     ><\/div><\/p>\n","protected":false},"excerpt":{"rendered":"","protected":false},"author":4,"featured_media":470,"comment_status":"open","ping_status":"open","sticky":false,"template":"","format":"standard","meta":{"footnotes":""},"categories":[31],"tags":[32,35,34,33],"class_list":["post-474","post","type-post","status-publish","format-standard","has-post-thumbnail","hentry","category-feste-feiertage","tag-ostern","tag-ostern-auf-mallorca","tag-osterprozession","tag-prozession"],"yoast_head":"<!-- This site is optimized with the Yoast SEO plugin v27.4 - https:\/\/yoast.com\/product\/yoast-seo-wordpress\/ -->\n<title>Ostern auf Mallorca<\/title>\n<meta name=\"description\" content=\"Warme Temperaturen und spektakul\u00e4re Prozessionen locken Urlauber an Ostern auf Mallorca\" \/>\n<meta name=\"robots\" content=\"index, follow, max-snippet:-1, max-image-preview:large, max-video-preview:-1\" \/>\n<link rel=\"canonical\" href=\"https:\/\/www.fincas4you.com\/blog\/ostern-auf-mallorca\/\" \/>\n<meta property=\"og:locale\" content=\"de_DE\" \/>\n<meta property=\"og:type\" content=\"article\" \/>\n<meta property=\"og:title\" content=\"Ostern auf Mallorca\" \/>\n<meta property=\"og:description\" content=\"Warme Temperaturen und spektakul\u00e4re Prozessionen locken Urlauber an Ostern auf Mallorca\" \/>\n<meta property=\"og:url\" content=\"https:\/\/www.fincas4you.com\/blog\/ostern-auf-mallorca\/\" \/>\n<meta property=\"og:site_name\" content=\"Fincas4you - Der Mallorca Blog\" \/>\n<meta property=\"article:publisher\" content=\"https:\/\/www.facebook.com\/mallorca.fincas\/\" \/>\n<meta property=\"article:published_time\" content=\"2016-03-17T05:54:12+00:00\" \/>\n<meta property=\"article:modified_time\" content=\"2021-12-07T14:08:54+00:00\" \/>\n<meta property=\"og:image\" content=\"https:\/\/www.fincas4you.com\/blog\/wp-content\/uploads\/2016\/03\/Fotolia_64344573_S.jpg\" \/>\n\t<meta property=\"og:image:width\" content=\"849\" \/>\n\t<meta property=\"og:image:height\" content=\"566\" \/>\n\t<meta property=\"og:image:type\" content=\"image\/jpeg\" \/>\n<meta name=\"author\" content=\"Frank Heinz\" \/>\n<meta name=\"twitter:card\" content=\"summary_large_image\" \/>\n<meta name=\"twitter:label1\" content=\"Verfasst von\" \/>\n\t<meta name=\"twitter:data1\" content=\"Frank Heinz\" \/>\n\t<meta name=\"twitter:label2\" content=\"Gesch\u00e4tzte Lesezeit\" \/>\n\t<meta name=\"twitter:data2\" content=\"4\u00a0Minuten\" \/>\n<script type=\"application\/ld+json\" class=\"yoast-schema-graph\">{\"@context\":\"https:\\\/\\\/schema.org\",\"@graph\":[{\"@type\":\"Article\",\"@id\":\"https:\\\/\\\/www.fincas4you.com\\\/blog\\\/ostern-auf-mallorca\\\/#article\",\"isPartOf\":{\"@id\":\"https:\\\/\\\/www.fincas4you.com\\\/blog\\\/ostern-auf-mallorca\\\/\"},\"author\":{\"name\":\"Frank Heinz\",\"@id\":\"https:\\\/\\\/www.fincas4you.com\\\/blog\\\/#\\\/schema\\\/person\\\/6edd73b4d9cbf6a2b9dd2a043cddc232\"},\"headline\":\"Ostern auf Mallorca: Prozessionen dauern bis Mitternacht\",\"datePublished\":\"2016-03-17T05:54:12+00:00\",\"dateModified\":\"2021-12-07T14:08:54+00:00\",\"mainEntityOfPage\":{\"@id\":\"https:\\\/\\\/www.fincas4you.com\\\/blog\\\/ostern-auf-mallorca\\\/\"},\"wordCount\":900,\"commentCount\":0,\"publisher\":{\"@id\":\"https:\\\/\\\/www.fincas4you.com\\\/blog\\\/#organization\"},\"image\":{\"@id\":\"https:\\\/\\\/www.fincas4you.com\\\/blog\\\/ostern-auf-mallorca\\\/#primaryimage\"},\"thumbnailUrl\":\"https:\\\/\\\/www.fincas4you.com\\\/blog\\\/wp-content\\\/uploads\\\/2016\\\/03\\\/Fotolia_64344573_S.jpg\",\"keywords\":[\"Ostern\",\"Ostern auf Mallorca\",\"Osterprozession\",\"Prozession\"],\"articleSection\":[\"Feste &amp; Feiertage\"],\"inLanguage\":\"de\",\"potentialAction\":[{\"@type\":\"CommentAction\",\"name\":\"Comment\",\"target\":[\"https:\\\/\\\/www.fincas4you.com\\\/blog\\\/ostern-auf-mallorca\\\/#respond\"]}]},{\"@type\":\"WebPage\",\"@id\":\"https:\\\/\\\/www.fincas4you.com\\\/blog\\\/ostern-auf-mallorca\\\/\",\"url\":\"https:\\\/\\\/www.fincas4you.com\\\/blog\\\/ostern-auf-mallorca\\\/\",\"name\":\"Ostern auf Mallorca\",\"isPartOf\":{\"@id\":\"https:\\\/\\\/www.fincas4you.com\\\/blog\\\/#website\"},\"primaryImageOfPage\":{\"@id\":\"https:\\\/\\\/www.fincas4you.com\\\/blog\\\/ostern-auf-mallorca\\\/#primaryimage\"},\"image\":{\"@id\":\"https:\\\/\\\/www.fincas4you.com\\\/blog\\\/ostern-auf-mallorca\\\/#primaryimage\"},\"thumbnailUrl\":\"https:\\\/\\\/www.fincas4you.com\\\/blog\\\/wp-content\\\/uploads\\\/2016\\\/03\\\/Fotolia_64344573_S.jpg\",\"datePublished\":\"2016-03-17T05:54:12+00:00\",\"dateModified\":\"2021-12-07T14:08:54+00:00\",\"description\":\"Warme Temperaturen und spektakul\u00e4re Prozessionen locken Urlauber an Ostern auf Mallorca\",\"breadcrumb\":{\"@id\":\"https:\\\/\\\/www.fincas4you.com\\\/blog\\\/ostern-auf-mallorca\\\/#breadcrumb\"},\"inLanguage\":\"de\",\"potentialAction\":[{\"@type\":\"ReadAction\",\"target\":[\"https:\\\/\\\/www.fincas4you.com\\\/blog\\\/ostern-auf-mallorca\\\/\"]}]},{\"@type\":\"ImageObject\",\"inLanguage\":\"de\",\"@id\":\"https:\\\/\\\/www.fincas4you.com\\\/blog\\\/ostern-auf-mallorca\\\/#primaryimage\",\"url\":\"https:\\\/\\\/www.fincas4you.com\\\/blog\\\/wp-content\\\/uploads\\\/2016\\\/03\\\/Fotolia_64344573_S.jpg\",\"contentUrl\":\"https:\\\/\\\/www.fincas4you.com\\\/blog\\\/wp-content\\\/uploads\\\/2016\\\/03\\\/Fotolia_64344573_S.jpg\",\"width\":849,\"height\":566,\"caption\":\"Osterprozession auf Mallorca\"},{\"@type\":\"BreadcrumbList\",\"@id\":\"https:\\\/\\\/www.fincas4you.com\\\/blog\\\/ostern-auf-mallorca\\\/#breadcrumb\",\"itemListElement\":[{\"@type\":\"ListItem\",\"position\":1,\"name\":\"Startseite\",\"item\":\"https:\\\/\\\/www.fincas4you.com\\\/blog\\\/\"},{\"@type\":\"ListItem\",\"position\":2,\"name\":\"Feste &amp; Feiertage\",\"item\":\"https:\\\/\\\/www.fincas4you.com\\\/blog\\\/category\\\/feste-feiertage\\\/\"},{\"@type\":\"ListItem\",\"position\":3,\"name\":\"Ostern auf Mallorca: Prozessionen dauern bis Mitternacht\"}]},{\"@type\":\"WebSite\",\"@id\":\"https:\\\/\\\/www.fincas4you.com\\\/blog\\\/#website\",\"url\":\"https:\\\/\\\/www.fincas4you.com\\\/blog\\\/\",\"name\":\"Fincas4you - Der Mallorca Blog\",\"description\":\"\",\"publisher\":{\"@id\":\"https:\\\/\\\/www.fincas4you.com\\\/blog\\\/#organization\"},\"potentialAction\":[{\"@type\":\"SearchAction\",\"target\":{\"@type\":\"EntryPoint\",\"urlTemplate\":\"https:\\\/\\\/www.fincas4you.com\\\/blog\\\/?s={search_term_string}\"},\"query-input\":{\"@type\":\"PropertyValueSpecification\",\"valueRequired\":true,\"valueName\":\"search_term_string\"}}],\"inLanguage\":\"de\"},{\"@type\":\"Organization\",\"@id\":\"https:\\\/\\\/www.fincas4you.com\\\/blog\\\/#organization\",\"name\":\"fincas4you AG\",\"url\":\"https:\\\/\\\/www.fincas4you.com\\\/blog\\\/\",\"logo\":{\"@type\":\"ImageObject\",\"inLanguage\":\"de\",\"@id\":\"https:\\\/\\\/www.fincas4you.com\\\/blog\\\/#\\\/schema\\\/logo\\\/image\\\/\",\"url\":\"https:\\\/\\\/www.fincas4you.com\\\/blog\\\/wp-content\\\/uploads\\\/2015\\\/10\\\/fincas4you.png\",\"contentUrl\":\"https:\\\/\\\/www.fincas4you.com\\\/blog\\\/wp-content\\\/uploads\\\/2015\\\/10\\\/fincas4you.png\",\"width\":250,\"height\":90,\"caption\":\"fincas4you AG\"},\"image\":{\"@id\":\"https:\\\/\\\/www.fincas4you.com\\\/blog\\\/#\\\/schema\\\/logo\\\/image\\\/\"},\"sameAs\":[\"https:\\\/\\\/www.facebook.com\\\/mallorca.fincas\\\/\",\"https:\\\/\\\/www.instagram.com\\\/fincas4you\\\/\",\"https:\\\/\\\/www.youtube.com\\\/c\\\/Fincas4you\"]},{\"@type\":\"Person\",\"@id\":\"https:\\\/\\\/www.fincas4you.com\\\/blog\\\/#\\\/schema\\\/person\\\/6edd73b4d9cbf6a2b9dd2a043cddc232\",\"name\":\"Frank Heinz\",\"image\":{\"@type\":\"ImageObject\",\"inLanguage\":\"de\",\"@id\":\"https:\\\/\\\/secure.gravatar.com\\\/avatar\\\/382f565def3ef5764709c5fd245b7029e8e4a6f8c95b94791fb5117cef07540b?s=96&d=mm&r=g\",\"url\":\"https:\\\/\\\/secure.gravatar.com\\\/avatar\\\/382f565def3ef5764709c5fd245b7029e8e4a6f8c95b94791fb5117cef07540b?s=96&d=mm&r=g\",\"contentUrl\":\"https:\\\/\\\/secure.gravatar.com\\\/avatar\\\/382f565def3ef5764709c5fd245b7029e8e4a6f8c95b94791fb5117cef07540b?s=96&d=mm&r=g\",\"caption\":\"Frank Heinz\"}}]}<\/script>\n<!-- \/ Yoast SEO plugin. -->","yoast_head_json":{"title":"Ostern auf Mallorca","description":"Warme Temperaturen und spektakul\u00e4re Prozessionen locken Urlauber an Ostern auf Mallorca","robots":{"index":"index","follow":"follow","max-snippet":"max-snippet:-1","max-image-preview":"max-image-preview:large","max-video-preview":"max-video-preview:-1"},"canonical":"https:\/\/www.fincas4you.com\/blog\/ostern-auf-mallorca\/","og_locale":"de_DE","og_type":"article","og_title":"Ostern auf Mallorca","og_description":"Warme Temperaturen und spektakul\u00e4re Prozessionen locken Urlauber an Ostern auf Mallorca","og_url":"https:\/\/www.fincas4you.com\/blog\/ostern-auf-mallorca\/","og_site_name":"Fincas4you - Der Mallorca Blog","article_publisher":"https:\/\/www.facebook.com\/mallorca.fincas\/","article_published_time":"2016-03-17T05:54:12+00:00","article_modified_time":"2021-12-07T14:08:54+00:00","og_image":[{"width":849,"height":566,"url":"https:\/\/www.fincas4you.com\/blog\/wp-content\/uploads\/2016\/03\/Fotolia_64344573_S.jpg","type":"image\/jpeg"}],"author":"Frank Heinz","twitter_card":"summary_large_image","twitter_misc":{"Verfasst von":"Frank Heinz","Gesch\u00e4tzte Lesezeit":"4\u00a0Minuten"},"schema":{"@context":"https:\/\/schema.org","@graph":[{"@type":"Article","@id":"https:\/\/www.fincas4you.com\/blog\/ostern-auf-mallorca\/#article","isPartOf":{"@id":"https:\/\/www.fincas4you.com\/blog\/ostern-auf-mallorca\/"},"author":{"name":"Frank Heinz","@id":"https:\/\/www.fincas4you.com\/blog\/#\/schema\/person\/6edd73b4d9cbf6a2b9dd2a043cddc232"},"headline":"Ostern auf Mallorca: Prozessionen dauern bis Mitternacht","datePublished":"2016-03-17T05:54:12+00:00","dateModified":"2021-12-07T14:08:54+00:00","mainEntityOfPage":{"@id":"https:\/\/www.fincas4you.com\/blog\/ostern-auf-mallorca\/"},"wordCount":900,"commentCount":0,"publisher":{"@id":"https:\/\/www.fincas4you.com\/blog\/#organization"},"image":{"@id":"https:\/\/www.fincas4you.com\/blog\/ostern-auf-mallorca\/#primaryimage"},"thumbnailUrl":"https:\/\/www.fincas4you.com\/blog\/wp-content\/uploads\/2016\/03\/Fotolia_64344573_S.jpg","keywords":["Ostern","Ostern auf Mallorca","Osterprozession","Prozession"],"articleSection":["Feste &amp; Feiertage"],"inLanguage":"de","potentialAction":[{"@type":"CommentAction","name":"Comment","target":["https:\/\/www.fincas4you.com\/blog\/ostern-auf-mallorca\/#respond"]}]},{"@type":"WebPage","@id":"https:\/\/www.fincas4you.com\/blog\/ostern-auf-mallorca\/","url":"https:\/\/www.fincas4you.com\/blog\/ostern-auf-mallorca\/","name":"Ostern auf Mallorca","isPartOf":{"@id":"https:\/\/www.fincas4you.com\/blog\/#website"},"primaryImageOfPage":{"@id":"https:\/\/www.fincas4you.com\/blog\/ostern-auf-mallorca\/#primaryimage"},"image":{"@id":"https:\/\/www.fincas4you.com\/blog\/ostern-auf-mallorca\/#primaryimage"},"thumbnailUrl":"https:\/\/www.fincas4you.com\/blog\/wp-content\/uploads\/2016\/03\/Fotolia_64344573_S.jpg","datePublished":"2016-03-17T05:54:12+00:00","dateModified":"2021-12-07T14:08:54+00:00","description":"Warme Temperaturen und spektakul\u00e4re Prozessionen locken Urlauber an Ostern auf Mallorca","breadcrumb":{"@id":"https:\/\/www.fincas4you.com\/blog\/ostern-auf-mallorca\/#breadcrumb"},"inLanguage":"de","potentialAction":[{"@type":"ReadAction","target":["https:\/\/www.fincas4you.com\/blog\/ostern-auf-mallorca\/"]}]},{"@type":"ImageObject","inLanguage":"de","@id":"https:\/\/www.fincas4you.com\/blog\/ostern-auf-mallorca\/#primaryimage","url":"https:\/\/www.fincas4you.com\/blog\/wp-content\/uploads\/2016\/03\/Fotolia_64344573_S.jpg","contentUrl":"https:\/\/www.fincas4you.com\/blog\/wp-content\/uploads\/2016\/03\/Fotolia_64344573_S.jpg","width":849,"height":566,"caption":"Osterprozession auf Mallorca"},{"@type":"BreadcrumbList","@id":"https:\/\/www.fincas4you.com\/blog\/ostern-auf-mallorca\/#breadcrumb","itemListElement":[{"@type":"ListItem","position":1,"name":"Startseite","item":"https:\/\/www.fincas4you.com\/blog\/"},{"@type":"ListItem","position":2,"name":"Feste &amp; Feiertage","item":"https:\/\/www.fincas4you.com\/blog\/category\/feste-feiertage\/"},{"@type":"ListItem","position":3,"name":"Ostern auf Mallorca: Prozessionen dauern bis Mitternacht"}]},{"@type":"WebSite","@id":"https:\/\/www.fincas4you.com\/blog\/#website","url":"https:\/\/www.fincas4you.com\/blog\/","name":"Fincas4you - Der Mallorca Blog","description":"","publisher":{"@id":"https:\/\/www.fincas4you.com\/blog\/#organization"},"potentialAction":[{"@type":"SearchAction","target":{"@type":"EntryPoint","urlTemplate":"https:\/\/www.fincas4you.com\/blog\/?s={search_term_string}"},"query-input":{"@type":"PropertyValueSpecification","valueRequired":true,"valueName":"search_term_string"}}],"inLanguage":"de"},{"@type":"Organization","@id":"https:\/\/www.fincas4you.com\/blog\/#organization","name":"fincas4you AG","url":"https:\/\/www.fincas4you.com\/blog\/","logo":{"@type":"ImageObject","inLanguage":"de","@id":"https:\/\/www.fincas4you.com\/blog\/#\/schema\/logo\/image\/","url":"https:\/\/www.fincas4you.com\/blog\/wp-content\/uploads\/2015\/10\/fincas4you.png","contentUrl":"https:\/\/www.fincas4you.com\/blog\/wp-content\/uploads\/2015\/10\/fincas4you.png","width":250,"height":90,"caption":"fincas4you AG"},"image":{"@id":"https:\/\/www.fincas4you.com\/blog\/#\/schema\/logo\/image\/"},"sameAs":["https:\/\/www.facebook.com\/mallorca.fincas\/","https:\/\/www.instagram.com\/fincas4you\/","https:\/\/www.youtube.com\/c\/Fincas4you"]},{"@type":"Person","@id":"https:\/\/www.fincas4you.com\/blog\/#\/schema\/person\/6edd73b4d9cbf6a2b9dd2a043cddc232","name":"Frank Heinz","image":{"@type":"ImageObject","inLanguage":"de","@id":"https:\/\/secure.gravatar.com\/avatar\/382f565def3ef5764709c5fd245b7029e8e4a6f8c95b94791fb5117cef07540b?s=96&d=mm&r=g","url":"https:\/\/secure.gravatar.com\/avatar\/382f565def3ef5764709c5fd245b7029e8e4a6f8c95b94791fb5117cef07540b?s=96&d=mm&r=g","contentUrl":"https:\/\/secure.gravatar.com\/avatar\/382f565def3ef5764709c5fd245b7029e8e4a6f8c95b94791fb5117cef07540b?s=96&d=mm&r=g","caption":"Frank Heinz"}}]}},"_links":{"self":[{"href":"https:\/\/www.fincas4you.com\/blog\/wp-json\/wp\/v2\/posts\/474","targetHints":{"allow":["GET"]}}],"collection":[{"href":"https:\/\/www.fincas4you.com\/blog\/wp-json\/wp\/v2\/posts"}],"about":[{"href":"https:\/\/www.fincas4you.com\/blog\/wp-json\/wp\/v2\/types\/post"}],"author":[{"embeddable":true,"href":"https:\/\/www.fincas4you.com\/blog\/wp-json\/wp\/v2\/users\/4"}],"replies":[{"embeddable":true,"href":"https:\/\/www.fincas4you.com\/blog\/wp-json\/wp\/v2\/comments?post=474"}],"version-history":[{"count":2,"href":"https:\/\/www.fincas4you.com\/blog\/wp-json\/wp\/v2\/posts\/474\/revisions"}],"predecessor-version":[{"id":1056,"href":"https:\/\/www.fincas4you.com\/blog\/wp-json\/wp\/v2\/posts\/474\/revisions\/1056"}],"wp:featuredmedia":[{"embeddable":true,"href":"https:\/\/www.fincas4you.com\/blog\/wp-json\/wp\/v2\/media\/470"}],"wp:attachment":[{"href":"https:\/\/www.fincas4you.com\/blog\/wp-json\/wp\/v2\/media?parent=474"}],"wp:term":[{"taxonomy":"category","embeddable":true,"href":"https:\/\/www.fincas4you.com\/blog\/wp-json\/wp\/v2\/categories?post=474"},{"taxonomy":"post_tag","embeddable":true,"href":"https:\/\/www.fincas4you.com\/blog\/wp-json\/wp\/v2\/tags?post=474"}],"curies":[{"name":"wp","href":"https:\/\/api.w.org\/{rel}","templated":true}]}}