{"id":385,"date":"2019-06-21T12:31:17","date_gmt":"2019-06-21T10:31:17","guid":{"rendered":"https:\/\/www.fincas4you.com\/blog\/?p=385"},"modified":"2021-12-07T12:57:30","modified_gmt":"2021-12-07T11:57:30","slug":"fuehrungen-kathedrale","status":"publish","type":"post","link":"https:\/\/www.fincas4you.com\/blog\/fuehrungen-kathedrale\/","title":{"rendered":"Ein Ausflugstipp f\u00fcr Palma: die Dachterrasse der Kathedrale!"},"content":{"rendered":"\n<style type=\"text\/css\" data-created_by=\"avia_inline_auto\" id=\"style-css-av-cx6ft-660e797184fa067f3a6e3b05dd272b82\">\n.flex_column.av-cx6ft-660e797184fa067f3a6e3b05dd272b82{\nborder-radius:0px 0px 0px 0px;\npadding:0px 0px 0px 0px;\n}\n<\/style>\n<div  class='flex_column av-cx6ft-660e797184fa067f3a6e3b05dd272b82 av_one_full  avia-builder-el-0  avia-builder-el-no-sibling  first flex_column_div av-zero-column-padding  '     ><section  class='av_textblock_section av-7jxnd-21dc7c2777487b3a9320d39a286d2145 '  ><div class='avia_textblock' ><p style=\"text-align: left;\"><b>F\u00fchrungen \u00fcber die Dachterrasse der Kathedrale<\/b><\/p>\n<p><img loading=\"lazy\" decoding=\"async\" class=\" wp-image-962\" src=\"https:\/\/www.fincas4you.com\/blog\/wp-content\/uploads\/2019\/06\/fotolia_80531442_subscription_monthly_m-300x200.jpg\" alt=\"\" width=\"399\" height=\"266\" srcset=\"https:\/\/www.fincas4you.com\/blog\/wp-content\/uploads\/2019\/06\/fotolia_80531442_subscription_monthly_m-300x200.jpg 300w, https:\/\/www.fincas4you.com\/blog\/wp-content\/uploads\/2019\/06\/fotolia_80531442_subscription_monthly_m-768x512.jpg 768w, https:\/\/www.fincas4you.com\/blog\/wp-content\/uploads\/2019\/06\/fotolia_80531442_subscription_monthly_m-1030x686.jpg 1030w, https:\/\/www.fincas4you.com\/blog\/wp-content\/uploads\/2019\/06\/fotolia_80531442_subscription_monthly_m-1500x1000.jpg 1500w, https:\/\/www.fincas4you.com\/blog\/wp-content\/uploads\/2019\/06\/fotolia_80531442_subscription_monthly_m-705x470.jpg 705w, https:\/\/www.fincas4you.com\/blog\/wp-content\/uploads\/2019\/06\/fotolia_80531442_subscription_monthly_m-450x300.jpg 450w, https:\/\/www.fincas4you.com\/blog\/wp-content\/uploads\/2019\/06\/fotolia_80531442_subscription_monthly_m.jpg 1688w\" sizes=\"auto, (max-width: 399px) 100vw, 399px\" \/><\/p>\n<p>Wer es noch nicht wei\u00df, als Tipp f\u00fcr den Urlaub. Vom 02. Mai bis zum 31. Oktober kann man f\u00fcr \u20ac 12 F\u00fchrungen \u00fcber\u00a0die Dachterrassen von Palmas Kathedrale &#8222;La Seu&#8220; buchen. Besichtigt werden der Glockenturm und die Hauptterrassen. Der Aufstieg \u00fcber die 215 Stufen erm\u00f6glicht einen spektakul\u00e4ren Ausblick auf die Bucht Palmas.<\/p>\n<p>\u00dcber das Internet kann man die Besichtigung\u00a0<a href=\"http:\/\/cr.fincas4you.com\/c\/29430106\/8eb9becb44c8-ps82pc\">hier<\/a>\u00a0buchen.<\/p>\n<p>Sichern Sie sich Ihre <a href=\"http:\/\/www.fincas4you.com\">Finca Mallorca!<\/a><\/p>\n<\/div><\/section><\/div>\n","protected":false},"excerpt":{"rendered":"","protected":false},"author":4,"featured_media":399,"comment_status":"open","ping_status":"open","sticky":false,"template":"","format":"standard","meta":{"footnotes":""},"categories":[29],"tags":[64,65,62,60,63,61],"class_list":["post-385","post","type-post","status-publish","format-standard","has-post-thumbnail","hentry","category-sport","tag-besichtigung-der-kathedrale","tag-dachterrasse-la-seu","tag-kathedrale-la-seu","tag-kathedrale-palma","tag-palma-kathedrale","tag-palma-mallorca"],"yoast_head":"<!-- This site is optimized with the Yoast SEO plugin v27.4 - https:\/\/yoast.com\/product\/yoast-seo-wordpress\/ -->\n<title>F\u00fchrungen \u00fcber die Dachterrasse in der Kathedrale La Seu in Palma auf Mallorca<\/title>\n<meta name=\"description\" content=\"Besichtigung der Kathedrale La Seu in Palma auf Mallorca. Schauen Sie sich die Dachterrasse der Kathedrale in Palma an und genie\u00dfen Sie die Aussicht!\" \/>\n<meta name=\"robots\" content=\"index, follow, max-snippet:-1, max-image-preview:large, max-video-preview:-1\" \/>\n<link rel=\"canonical\" href=\"https:\/\/www.fincas4you.com\/blog\/fuehrungen-kathedrale\/\" \/>\n<meta property=\"og:locale\" content=\"de_DE\" \/>\n<meta property=\"og:type\" content=\"article\" \/>\n<meta property=\"og:title\" content=\"F\u00fchrungen \u00fcber die Dachterrasse in der Kathedrale La Seu in Palma auf Mallorca\" \/>\n<meta property=\"og:description\" content=\"Besichtigung der Kathedrale La Seu in Palma auf Mallorca. Schauen Sie sich die Dachterrasse der Kathedrale in Palma an und genie\u00dfen Sie die Aussicht!\" \/>\n<meta property=\"og:url\" content=\"https:\/\/www.fincas4you.com\/blog\/fuehrungen-kathedrale\/\" \/>\n<meta property=\"og:site_name\" content=\"Fincas4you - Der Mallorca Blog\" \/>\n<meta property=\"article:publisher\" content=\"https:\/\/www.facebook.com\/mallorca.fincas\/\" \/>\n<meta property=\"article:published_time\" content=\"2019-06-21T10:31:17+00:00\" \/>\n<meta property=\"article:modified_time\" content=\"2021-12-07T11:57:30+00:00\" \/>\n<meta property=\"og:image\" content=\"https:\/\/www.fincas4you.com\/blog\/wp-content\/uploads\/2016\/02\/Fahrrad_Kathedrale-PMI-1.jpg\" \/>\n\t<meta property=\"og:image:width\" content=\"300\" \/>\n\t<meta property=\"og:image:height\" content=\"300\" \/>\n\t<meta property=\"og:image:type\" content=\"image\/jpeg\" \/>\n<meta name=\"author\" content=\"Frank Heinz\" \/>\n<meta name=\"twitter:card\" content=\"summary_large_image\" \/>\n<meta name=\"twitter:label1\" content=\"Verfasst von\" \/>\n\t<meta name=\"twitter:data1\" content=\"Frank Heinz\" \/>\n\t<meta name=\"twitter:label2\" content=\"Gesch\u00e4tzte Lesezeit\" \/>\n\t<meta name=\"twitter:data2\" content=\"1\u00a0Minute\" \/>\n<script type=\"application\/ld+json\" class=\"yoast-schema-graph\">{\"@context\":\"https:\\\/\\\/schema.org\",\"@graph\":[{\"@type\":\"Article\",\"@id\":\"https:\\\/\\\/www.fincas4you.com\\\/blog\\\/fuehrungen-kathedrale\\\/#article\",\"isPartOf\":{\"@id\":\"https:\\\/\\\/www.fincas4you.com\\\/blog\\\/fuehrungen-kathedrale\\\/\"},\"author\":{\"name\":\"Frank Heinz\",\"@id\":\"https:\\\/\\\/www.fincas4you.com\\\/blog\\\/#\\\/schema\\\/person\\\/6edd73b4d9cbf6a2b9dd2a043cddc232\"},\"headline\":\"Ein Ausflugstipp f\u00fcr Palma: die Dachterrasse der Kathedrale!\",\"datePublished\":\"2019-06-21T10:31:17+00:00\",\"dateModified\":\"2021-12-07T11:57:30+00:00\",\"mainEntityOfPage\":{\"@id\":\"https:\\\/\\\/www.fincas4you.com\\\/blog\\\/fuehrungen-kathedrale\\\/\"},\"wordCount\":171,\"commentCount\":0,\"publisher\":{\"@id\":\"https:\\\/\\\/www.fincas4you.com\\\/blog\\\/#organization\"},\"image\":{\"@id\":\"https:\\\/\\\/www.fincas4you.com\\\/blog\\\/fuehrungen-kathedrale\\\/#primaryimage\"},\"thumbnailUrl\":\"https:\\\/\\\/www.fincas4you.com\\\/blog\\\/wp-content\\\/uploads\\\/2016\\\/02\\\/Fahrrad_Kathedrale-PMI-1.jpg\",\"keywords\":[\"Besichtigung der Kathedrale\",\"Dachterrasse La Seu\",\"Kathedrale La Seu\",\"Kathedrale Palma\",\"Palma Kathedrale\",\"Palma Mallorca\"],\"articleSection\":[\"Sport &amp; Freizeit\"],\"inLanguage\":\"de\",\"potentialAction\":[{\"@type\":\"CommentAction\",\"name\":\"Comment\",\"target\":[\"https:\\\/\\\/www.fincas4you.com\\\/blog\\\/fuehrungen-kathedrale\\\/#respond\"]}]},{\"@type\":\"WebPage\",\"@id\":\"https:\\\/\\\/www.fincas4you.com\\\/blog\\\/fuehrungen-kathedrale\\\/\",\"url\":\"https:\\\/\\\/www.fincas4you.com\\\/blog\\\/fuehrungen-kathedrale\\\/\",\"name\":\"F\u00fchrungen \u00fcber die Dachterrasse in der Kathedrale La Seu in Palma auf Mallorca\",\"isPartOf\":{\"@id\":\"https:\\\/\\\/www.fincas4you.com\\\/blog\\\/#website\"},\"primaryImageOfPage\":{\"@id\":\"https:\\\/\\\/www.fincas4you.com\\\/blog\\\/fuehrungen-kathedrale\\\/#primaryimage\"},\"image\":{\"@id\":\"https:\\\/\\\/www.fincas4you.com\\\/blog\\\/fuehrungen-kathedrale\\\/#primaryimage\"},\"thumbnailUrl\":\"https:\\\/\\\/www.fincas4you.com\\\/blog\\\/wp-content\\\/uploads\\\/2016\\\/02\\\/Fahrrad_Kathedrale-PMI-1.jpg\",\"datePublished\":\"2019-06-21T10:31:17+00:00\",\"dateModified\":\"2021-12-07T11:57:30+00:00\",\"description\":\"Besichtigung der Kathedrale La Seu in Palma auf Mallorca. Schauen Sie sich die Dachterrasse der Kathedrale in Palma an und genie\u00dfen Sie die Aussicht!\",\"breadcrumb\":{\"@id\":\"https:\\\/\\\/www.fincas4you.com\\\/blog\\\/fuehrungen-kathedrale\\\/#breadcrumb\"},\"inLanguage\":\"de\",\"potentialAction\":[{\"@type\":\"ReadAction\",\"target\":[\"https:\\\/\\\/www.fincas4you.com\\\/blog\\\/fuehrungen-kathedrale\\\/\"]}]},{\"@type\":\"ImageObject\",\"inLanguage\":\"de\",\"@id\":\"https:\\\/\\\/www.fincas4you.com\\\/blog\\\/fuehrungen-kathedrale\\\/#primaryimage\",\"url\":\"https:\\\/\\\/www.fincas4you.com\\\/blog\\\/wp-content\\\/uploads\\\/2016\\\/02\\\/Fahrrad_Kathedrale-PMI-1.jpg\",\"contentUrl\":\"https:\\\/\\\/www.fincas4you.com\\\/blog\\\/wp-content\\\/uploads\\\/2016\\\/02\\\/Fahrrad_Kathedrale-PMI-1.jpg\",\"width\":300,\"height\":300,\"caption\":\"Fahrrad fahren in Palma\"},{\"@type\":\"BreadcrumbList\",\"@id\":\"https:\\\/\\\/www.fincas4you.com\\\/blog\\\/fuehrungen-kathedrale\\\/#breadcrumb\",\"itemListElement\":[{\"@type\":\"ListItem\",\"position\":1,\"name\":\"Startseite\",\"item\":\"https:\\\/\\\/www.fincas4you.com\\\/blog\\\/\"},{\"@type\":\"ListItem\",\"position\":2,\"name\":\"Sport &amp; Freizeit\",\"item\":\"https:\\\/\\\/www.fincas4you.com\\\/blog\\\/category\\\/sport\\\/\"},{\"@type\":\"ListItem\",\"position\":3,\"name\":\"Ein Ausflugstipp f\u00fcr Palma: die Dachterrasse der Kathedrale!\"}]},{\"@type\":\"WebSite\",\"@id\":\"https:\\\/\\\/www.fincas4you.com\\\/blog\\\/#website\",\"url\":\"https:\\\/\\\/www.fincas4you.com\\\/blog\\\/\",\"name\":\"Fincas4you - Der Mallorca Blog\",\"description\":\"\",\"publisher\":{\"@id\":\"https:\\\/\\\/www.fincas4you.com\\\/blog\\\/#organization\"},\"potentialAction\":[{\"@type\":\"SearchAction\",\"target\":{\"@type\":\"EntryPoint\",\"urlTemplate\":\"https:\\\/\\\/www.fincas4you.com\\\/blog\\\/?s={search_term_string}\"},\"query-input\":{\"@type\":\"PropertyValueSpecification\",\"valueRequired\":true,\"valueName\":\"search_term_string\"}}],\"inLanguage\":\"de\"},{\"@type\":\"Organization\",\"@id\":\"https:\\\/\\\/www.fincas4you.com\\\/blog\\\/#organization\",\"name\":\"fincas4you AG\",\"url\":\"https:\\\/\\\/www.fincas4you.com\\\/blog\\\/\",\"logo\":{\"@type\":\"ImageObject\",\"inLanguage\":\"de\",\"@id\":\"https:\\\/\\\/www.fincas4you.com\\\/blog\\\/#\\\/schema\\\/logo\\\/image\\\/\",\"url\":\"https:\\\/\\\/www.fincas4you.com\\\/blog\\\/wp-content\\\/uploads\\\/2015\\\/10\\\/fincas4you.png\",\"contentUrl\":\"https:\\\/\\\/www.fincas4you.com\\\/blog\\\/wp-content\\\/uploads\\\/2015\\\/10\\\/fincas4you.png\",\"width\":250,\"height\":90,\"caption\":\"fincas4you AG\"},\"image\":{\"@id\":\"https:\\\/\\\/www.fincas4you.com\\\/blog\\\/#\\\/schema\\\/logo\\\/image\\\/\"},\"sameAs\":[\"https:\\\/\\\/www.facebook.com\\\/mallorca.fincas\\\/\",\"https:\\\/\\\/www.instagram.com\\\/fincas4you\\\/\",\"https:\\\/\\\/www.youtube.com\\\/c\\\/Fincas4you\"]},{\"@type\":\"Person\",\"@id\":\"https:\\\/\\\/www.fincas4you.com\\\/blog\\\/#\\\/schema\\\/person\\\/6edd73b4d9cbf6a2b9dd2a043cddc232\",\"name\":\"Frank Heinz\",\"image\":{\"@type\":\"ImageObject\",\"inLanguage\":\"de\",\"@id\":\"https:\\\/\\\/secure.gravatar.com\\\/avatar\\\/382f565def3ef5764709c5fd245b7029e8e4a6f8c95b94791fb5117cef07540b?s=96&d=mm&r=g\",\"url\":\"https:\\\/\\\/secure.gravatar.com\\\/avatar\\\/382f565def3ef5764709c5fd245b7029e8e4a6f8c95b94791fb5117cef07540b?s=96&d=mm&r=g\",\"contentUrl\":\"https:\\\/\\\/secure.gravatar.com\\\/avatar\\\/382f565def3ef5764709c5fd245b7029e8e4a6f8c95b94791fb5117cef07540b?s=96&d=mm&r=g\",\"caption\":\"Frank Heinz\"}}]}<\/script>\n<!-- \/ Yoast SEO plugin. -->","yoast_head_json":{"title":"F\u00fchrungen \u00fcber die Dachterrasse in der Kathedrale La Seu in Palma auf Mallorca","description":"Besichtigung der Kathedrale La Seu in Palma auf Mallorca. Schauen Sie sich die Dachterrasse der Kathedrale in Palma an und genie\u00dfen Sie die Aussicht!","robots":{"index":"index","follow":"follow","max-snippet":"max-snippet:-1","max-image-preview":"max-image-preview:large","max-video-preview":"max-video-preview:-1"},"canonical":"https:\/\/www.fincas4you.com\/blog\/fuehrungen-kathedrale\/","og_locale":"de_DE","og_type":"article","og_title":"F\u00fchrungen \u00fcber die Dachterrasse in der Kathedrale La Seu in Palma auf Mallorca","og_description":"Besichtigung der Kathedrale La Seu in Palma auf Mallorca. Schauen Sie sich die Dachterrasse der Kathedrale in Palma an und genie\u00dfen Sie die Aussicht!","og_url":"https:\/\/www.fincas4you.com\/blog\/fuehrungen-kathedrale\/","og_site_name":"Fincas4you - Der Mallorca Blog","article_publisher":"https:\/\/www.facebook.com\/mallorca.fincas\/","article_published_time":"2019-06-21T10:31:17+00:00","article_modified_time":"2021-12-07T11:57:30+00:00","og_image":[{"width":300,"height":300,"url":"https:\/\/www.fincas4you.com\/blog\/wp-content\/uploads\/2016\/02\/Fahrrad_Kathedrale-PMI-1.jpg","type":"image\/jpeg"}],"author":"Frank Heinz","twitter_card":"summary_large_image","twitter_misc":{"Verfasst von":"Frank Heinz","Gesch\u00e4tzte Lesezeit":"1\u00a0Minute"},"schema":{"@context":"https:\/\/schema.org","@graph":[{"@type":"Article","@id":"https:\/\/www.fincas4you.com\/blog\/fuehrungen-kathedrale\/#article","isPartOf":{"@id":"https:\/\/www.fincas4you.com\/blog\/fuehrungen-kathedrale\/"},"author":{"name":"Frank Heinz","@id":"https:\/\/www.fincas4you.com\/blog\/#\/schema\/person\/6edd73b4d9cbf6a2b9dd2a043cddc232"},"headline":"Ein Ausflugstipp f\u00fcr Palma: die Dachterrasse der Kathedrale!","datePublished":"2019-06-21T10:31:17+00:00","dateModified":"2021-12-07T11:57:30+00:00","mainEntityOfPage":{"@id":"https:\/\/www.fincas4you.com\/blog\/fuehrungen-kathedrale\/"},"wordCount":171,"commentCount":0,"publisher":{"@id":"https:\/\/www.fincas4you.com\/blog\/#organization"},"image":{"@id":"https:\/\/www.fincas4you.com\/blog\/fuehrungen-kathedrale\/#primaryimage"},"thumbnailUrl":"https:\/\/www.fincas4you.com\/blog\/wp-content\/uploads\/2016\/02\/Fahrrad_Kathedrale-PMI-1.jpg","keywords":["Besichtigung der Kathedrale","Dachterrasse La Seu","Kathedrale La Seu","Kathedrale Palma","Palma Kathedrale","Palma Mallorca"],"articleSection":["Sport &amp; Freizeit"],"inLanguage":"de","potentialAction":[{"@type":"CommentAction","name":"Comment","target":["https:\/\/www.fincas4you.com\/blog\/fuehrungen-kathedrale\/#respond"]}]},{"@type":"WebPage","@id":"https:\/\/www.fincas4you.com\/blog\/fuehrungen-kathedrale\/","url":"https:\/\/www.fincas4you.com\/blog\/fuehrungen-kathedrale\/","name":"F\u00fchrungen \u00fcber die Dachterrasse in der Kathedrale La Seu in Palma auf Mallorca","isPartOf":{"@id":"https:\/\/www.fincas4you.com\/blog\/#website"},"primaryImageOfPage":{"@id":"https:\/\/www.fincas4you.com\/blog\/fuehrungen-kathedrale\/#primaryimage"},"image":{"@id":"https:\/\/www.fincas4you.com\/blog\/fuehrungen-kathedrale\/#primaryimage"},"thumbnailUrl":"https:\/\/www.fincas4you.com\/blog\/wp-content\/uploads\/2016\/02\/Fahrrad_Kathedrale-PMI-1.jpg","datePublished":"2019-06-21T10:31:17+00:00","dateModified":"2021-12-07T11:57:30+00:00","description":"Besichtigung der Kathedrale La Seu in Palma auf Mallorca. Schauen Sie sich die Dachterrasse der Kathedrale in Palma an und genie\u00dfen Sie die Aussicht!","breadcrumb":{"@id":"https:\/\/www.fincas4you.com\/blog\/fuehrungen-kathedrale\/#breadcrumb"},"inLanguage":"de","potentialAction":[{"@type":"ReadAction","target":["https:\/\/www.fincas4you.com\/blog\/fuehrungen-kathedrale\/"]}]},{"@type":"ImageObject","inLanguage":"de","@id":"https:\/\/www.fincas4you.com\/blog\/fuehrungen-kathedrale\/#primaryimage","url":"https:\/\/www.fincas4you.com\/blog\/wp-content\/uploads\/2016\/02\/Fahrrad_Kathedrale-PMI-1.jpg","contentUrl":"https:\/\/www.fincas4you.com\/blog\/wp-content\/uploads\/2016\/02\/Fahrrad_Kathedrale-PMI-1.jpg","width":300,"height":300,"caption":"Fahrrad fahren in Palma"},{"@type":"BreadcrumbList","@id":"https:\/\/www.fincas4you.com\/blog\/fuehrungen-kathedrale\/#breadcrumb","itemListElement":[{"@type":"ListItem","position":1,"name":"Startseite","item":"https:\/\/www.fincas4you.com\/blog\/"},{"@type":"ListItem","position":2,"name":"Sport &amp; Freizeit","item":"https:\/\/www.fincas4you.com\/blog\/category\/sport\/"},{"@type":"ListItem","position":3,"name":"Ein Ausflugstipp f\u00fcr Palma: die Dachterrasse der Kathedrale!"}]},{"@type":"WebSite","@id":"https:\/\/www.fincas4you.com\/blog\/#website","url":"https:\/\/www.fincas4you.com\/blog\/","name":"Fincas4you - Der Mallorca Blog","description":"","publisher":{"@id":"https:\/\/www.fincas4you.com\/blog\/#organization"},"potentialAction":[{"@type":"SearchAction","target":{"@type":"EntryPoint","urlTemplate":"https:\/\/www.fincas4you.com\/blog\/?s={search_term_string}"},"query-input":{"@type":"PropertyValueSpecification","valueRequired":true,"valueName":"search_term_string"}}],"inLanguage":"de"},{"@type":"Organization","@id":"https:\/\/www.fincas4you.com\/blog\/#organization","name":"fincas4you AG","url":"https:\/\/www.fincas4you.com\/blog\/","logo":{"@type":"ImageObject","inLanguage":"de","@id":"https:\/\/www.fincas4you.com\/blog\/#\/schema\/logo\/image\/","url":"https:\/\/www.fincas4you.com\/blog\/wp-content\/uploads\/2015\/10\/fincas4you.png","contentUrl":"https:\/\/www.fincas4you.com\/blog\/wp-content\/uploads\/2015\/10\/fincas4you.png","width":250,"height":90,"caption":"fincas4you AG"},"image":{"@id":"https:\/\/www.fincas4you.com\/blog\/#\/schema\/logo\/image\/"},"sameAs":["https:\/\/www.facebook.com\/mallorca.fincas\/","https:\/\/www.instagram.com\/fincas4you\/","https:\/\/www.youtube.com\/c\/Fincas4you"]},{"@type":"Person","@id":"https:\/\/www.fincas4you.com\/blog\/#\/schema\/person\/6edd73b4d9cbf6a2b9dd2a043cddc232","name":"Frank Heinz","image":{"@type":"ImageObject","inLanguage":"de","@id":"https:\/\/secure.gravatar.com\/avatar\/382f565def3ef5764709c5fd245b7029e8e4a6f8c95b94791fb5117cef07540b?s=96&d=mm&r=g","url":"https:\/\/secure.gravatar.com\/avatar\/382f565def3ef5764709c5fd245b7029e8e4a6f8c95b94791fb5117cef07540b?s=96&d=mm&r=g","contentUrl":"https:\/\/secure.gravatar.com\/avatar\/382f565def3ef5764709c5fd245b7029e8e4a6f8c95b94791fb5117cef07540b?s=96&d=mm&r=g","caption":"Frank Heinz"}}]}},"_links":{"self":[{"href":"https:\/\/www.fincas4you.com\/blog\/wp-json\/wp\/v2\/posts\/385","targetHints":{"allow":["GET"]}}],"collection":[{"href":"https:\/\/www.fincas4you.com\/blog\/wp-json\/wp\/v2\/posts"}],"about":[{"href":"https:\/\/www.fincas4you.com\/blog\/wp-json\/wp\/v2\/types\/post"}],"author":[{"embeddable":true,"href":"https:\/\/www.fincas4you.com\/blog\/wp-json\/wp\/v2\/users\/4"}],"replies":[{"embeddable":true,"href":"https:\/\/www.fincas4you.com\/blog\/wp-json\/wp\/v2\/comments?post=385"}],"version-history":[{"count":5,"href":"https:\/\/www.fincas4you.com\/blog\/wp-json\/wp\/v2\/posts\/385\/revisions"}],"predecessor-version":[{"id":1021,"href":"https:\/\/www.fincas4you.com\/blog\/wp-json\/wp\/v2\/posts\/385\/revisions\/1021"}],"wp:featuredmedia":[{"embeddable":true,"href":"https:\/\/www.fincas4you.com\/blog\/wp-json\/wp\/v2\/media\/399"}],"wp:attachment":[{"href":"https:\/\/www.fincas4you.com\/blog\/wp-json\/wp\/v2\/media?parent=385"}],"wp:term":[{"taxonomy":"category","embeddable":true,"href":"https:\/\/www.fincas4you.com\/blog\/wp-json\/wp\/v2\/categories?post=385"},{"taxonomy":"post_tag","embeddable":true,"href":"https:\/\/www.fincas4you.com\/blog\/wp-json\/wp\/v2\/tags?post=385"}],"curies":[{"name":"wp","href":"https:\/\/api.w.org\/{rel}","templated":true}]}}