{"id":208,"date":"2016-01-28T11:47:38","date_gmt":"2016-01-28T10:47:38","guid":{"rendered":"https:\/\/www.fincas4you.com\/blog\/?p=208"},"modified":"2016-05-19T09:23:45","modified_gmt":"2016-05-19T07:23:45","slug":"deutsche-medien-mallorca","status":"publish","type":"post","link":"https:\/\/www.fincas4you.com\/blog\/deutsche-medien-mallorca\/","title":{"rendered":"Kleine Sprachkunde"},"content":{"rendered":"\n<style type=\"text\/css\" data-created_by=\"avia_inline_auto\" id=\"style-css-av-av_one_full-9497bbf8bff73ea4c6992cc17fa9ec36\">\n.flex_column.av-av_one_full-9497bbf8bff73ea4c6992cc17fa9ec36{\nborder-radius:0px 0px 0px 0px;\npadding:0px 0px 0px 0px;\n}\n<\/style>\n<div  class='flex_column av-av_one_full-9497bbf8bff73ea4c6992cc17fa9ec36 av_one_full  avia-builder-el-0  avia-builder-el-no-sibling  first flex_column_div av-zero-column-padding  '     ><section  class='av_textblock_section av-av_textblock-0366cc7376be6c9e82a3e9cc8987b64f '  ><div class='avia_textblock' ><h2>Petit filologia de les Illes Balears.*<br \/>\nOder auch: Kleine Sprachkunde der Balearen<\/h2>\n<p><img loading=\"lazy\" decoding=\"async\" class=\"wp-image-210 size-medium alignright\" src=\"https:\/\/www.fincas4you.com\/blog\/wp-content\/uploads\/2016\/01\/Blog-deutsch-e1453977959989-300x169.jpg\" alt=\"\" width=\"300\" height=\"169\" srcset=\"https:\/\/www.fincas4you.com\/blog\/wp-content\/uploads\/2016\/01\/Blog-deutsch-e1453977959989-300x169.jpg 300w, https:\/\/www.fincas4you.com\/blog\/wp-content\/uploads\/2016\/01\/Blog-deutsch-e1453977959989-768x432.jpg 768w, https:\/\/www.fincas4you.com\/blog\/wp-content\/uploads\/2016\/01\/Blog-deutsch-e1453977959989-1030x579.jpg 1030w, https:\/\/www.fincas4you.com\/blog\/wp-content\/uploads\/2016\/01\/Blog-deutsch-e1453977959989-1500x844.jpg 1500w, https:\/\/www.fincas4you.com\/blog\/wp-content\/uploads\/2016\/01\/Blog-deutsch-e1453977959989-705x397.jpg 705w, https:\/\/www.fincas4you.com\/blog\/wp-content\/uploads\/2016\/01\/Blog-deutsch-e1453977959989-450x253.jpg 450w\" sizes=\"auto, (max-width: 300px) 100vw, 300px\" \/>Sie kennen das bestimmt: Der Urlaub ist gebucht und es sind nur noch wenige Wochen, bis die sch\u00f6nste Zeit des Jahres endlich beginnt. Wer in ferne L\u00e4nder reist, m\u00f6chte sich oft mit ein paar Worten der Landessprache verst\u00e4ndigen k\u00f6nnen. Also wird flei\u00dfig in die W\u00f6rterb\u00fccher geschaut.<!--more--><\/p>\n<p>Doch was ist, wenn Sie Ihren Urlaub auf Mallorca verbringen? Immer wieder werde ich von Kunden gefragt, ob f\u00fcr ihren Aufenthalt auf der Insel, die ja auch liebevoll als Deutschlands 17. Bundesland bezeichnet wird, \u00fcberhaupt spanische Sprachkenntnisse von N\u00f6ten sind.<\/p>\n<p>Nein, entgegne ich dann prompt. Mit Spanisch kommen Sie hier zwar auch weiter, wenn Sie jedoch bei den Einheimischen punkten m\u00f6chten, m\u00fcssten Sie schon Mallorqu\u00ed sprechen. \u201eMallor-Waas?\u201c, h\u00f6re ich dann oft als Antwort. Und m\u00f6chte nun diesen Blog nutzen um mit einigen Vorurteilen auf zu r\u00e4umen:<\/p>\n<p>Da Mallorca zu Spanien geh\u00f6rt, ist Spanisch die Amtssprache. Klingt logisch, klar. Allerdings kommuniziert die Regierung der Balearen meist auf Mallorquin bzw. Mallorqu\u00ed. Dies ist die verbreitete Sprache der einheimischen Bev\u00f6lkerung, die auch in Kinderg\u00e4rten und Schulen erlernt wird. Man k\u00f6nnte vermuten, dass es sich hierbei lediglich um einen Dialekt des Spanischen handelt. Dem ist aber nicht so. Mallorquin ist ein Dialekt des Katalanischen, der Einfl\u00fcsse des Franz\u00f6sischen, Italienischen und Arabischen vereint. Von den rund 850.000 Mallorquinern z\u00e4hlen 57% als \u201eechte\u201c Insulaner, bei der restlichen Bev\u00f6lkerung handelt es sich um vom Festland zugezogene oder um Ausl\u00e4nder die sp\u00e4ter die mallorquinische Staatsb\u00fcrgerschaft beantragten.<\/p>\n<h2>Der mallorquinische Sturkopf<\/h2>\n<p>Wer bei seinem Besuch einen Ausflug ins Landesinnere oder gar einen Marktbesuch plant wird erstaunt sein wie h\u00e4ufig er Mallorqu\u00ed h\u00f6rt. Denn die Insulaner sind sehr stolz auf ihre Sprache, die unter Francos Diktatur jahrelang verboten war. Wer sogar schon einmal Erfahrung mit der Mentalit\u00e4t der Einheimischen gemacht hat, wei\u00df, dass der sogenannte \u201eharte Kern\u201c sich standhaft weigert, spanisch oder gar eine andere Sprache zu sprechen. Selbst wenn er sie versteht. Aber das verleiht dem echten mallorquinischen Sturkopf auch seine Liebenswertigkeit.<\/p>\n<p>Und dennoch m\u00fcssen Sie sich jetzt nicht auf die Suche nach einem mallorqu\u00ednischen W\u00f6rterbuch machen. Denn nat\u00fcrlich wird fast \u00fcberall auf der Insel auch Deutsch gesprochen. Immerhin vermeldete die \u201eMallorca Zeitung\u201c erst just, dass die Zahl der ausl\u00e4ndischen Urlauber auf Mallorca und den anderen Balearen-Inseln im November 2015 bei rund 104.000 lag &#8211; wobei 64 Prozent der G\u00e4ste aus Deutschland stammten!<\/p>\n<p>Aber auch ohne spanische, katalanische oder mallorquinische Sprachkenntnisse kommt man auf der Insel nicht nur weit, sondern auch \u00fcberall hin. Das beginnt bereits am Flughafen. Die Durchsagen sind stets mehrsprachig, Taxifahrer, Autovermieter und Busfahrer verstehen ebenfalls Deutsch. Sie alle halten Prospekte in verschiedenen \u00dcbersetzungen bereit.<\/p>\n<p>Zudem sind die Beschilderungen in den St\u00e4dten, Gesch\u00e4ften, Bodegas und Hotels stets in verschiedenen Sprachen gehalten.<\/p>\n<p>Wer im Restaurant bestellen will kann sich meist einer deutschen Speisekarte sicher sein (alternativ gibt es mitunter eine Art Bilderkarte auf der die Speisen abgebildet sind und auf die man mit dem Finger zeigen kann falls der Gastronom nicht alle Sprachen beherrschen sollte).<\/p>\n<p>Oft werde ich auch gefragt, wie man denn vorab, bzw. schon kurz nach der Ankunft, das \u201eInselfeeling\u201c am besten einfangen kann. Oder wie man es nach dem Jahresurlaub am l\u00e4ngsten f\u00fcr daheim konserviert:<\/p>\n<h2>Deutschsprachige Medien<\/h2>\n<p>Da gibt es zum Einen das \u201eMallorca Magazin\u201c, welches das \u00e4lteste deutschsprachige Magazin auf der Insel ist. \u00dcberwiegend von Deutschen f\u00fcr Deutsche recherchiert wird es auf der Insel gedruckt. Die w\u00f6chentliche Ausgabe kostet 2,50 EUR und informiert \u00fcber das gesellschaftliche, politische und lokale Leben auf der Insel.\u00a0Es ist an jedem Kiosk und oft auch in den Hotels erh\u00e4ltlich.<\/p>\n<p>Zudem gibt es die Mallorca-Zeitung (\u00bd Jahres-Abo kostet 55 EUR), eine gut gemachte und informative Zeitung, die man sich sogar nach Deutschland schicken lassen kann. Der Abopreis f\u00fcr ein halbes Jahr Ballearen-News liegt bei 89 Euro<\/p>\n<p>ABCMALLORCA ist seit 2004 auf dem Markt, es ist ein monatliches Lifestyle-Magazin welches in Deutsch, Englisch und Spanisch berichtet. Der Kioskpreis liegt bei 4,95 EUR. \u00dcber den Internetversandh\u00e4ndler Amazon kann man sich das Magazin aber auch innerhalb Europas bequem nach Hause schicken lassen.<\/p>\n<p>Auch Europas gr\u00f6\u00dfte Tageszeitung, die BILD Zeitung, darf auf Mallorca nicht fehlen. Sie kommt dank der Chartermaschinen druckfrisch auf die Insel, im Gegensatz zu den allgemeinen Zeitschriften, die mitunter etwas versp\u00e4tet den mallorquinischen Boden erreichen. Zudem muss in beiden F\u00e4llen mit Preisaufschl\u00e4gen gerechnet werden.<\/p>\n<p>Wer es etwas g\u00fcnstiger und flexibler mag, kann auch sich auf den jeweiligen Online-Portalen der Zeitungen und Zeitschriften, die t\u00e4glich aktuell berichten, informieren: <a href=\"http:\/\/www.abc-mallorca.de\/\">www.abc-mallorca.de<\/a>\u00a0, <a href=\"http:\/\/www.mallorcazeitung.es\/\">www.mallorcazeitung.es<\/a>, <a href=\"http:\/\/www.mallorcamagazin.com\/\">www.mallorcamagazin.com<\/a> oder auch\u00a0<a href=\"http:\/\/www.holamallorca.com\/\">www.holamallorca.com<\/a> (zwar weniger aktuell, aber nicht weniger informativ)<\/p>\n<p>Allen Partyg\u00e4ngern und \u201eBallermann 6\u201c-Fans kann ich noch <a href=\"http:\/\/www.mallebz.net\">www.mallebz.net<\/a> empfehlen, das mit dem Slogan: \u201eWas ist los am Ballermann?\u201c f\u00fcr die Region wirbt und sich regem Interesse erfreut.<\/p>\n<p>Sollten Sie nach Ihrer Ankunft auf der Insel einen Leihwagen gemietet haben und es mitunter nicht schaffen, dem Moderator im schnellen Spanisch zu folgen, empfehle ich Ihnen das \u201eInsel-Radio\u201c \u2013 denn das sendet auf der Frequenz 95,8 stets in deutscher Sprache! Und h\u00e4lt auch immer zahlreiche Informationen f\u00fcr seine H\u00f6rer bereit.<\/p>\n<p>Wer im Urlaub lieber die Peseten (\u00e4h, ich meine nat\u00fcrlich den Euro) beisammen halten will, dem sei \u201eDie Inselzeitung\u201c empfohlen (<a href=\"http:\/\/www.die-inselzeitung.com\/\">www.die-inselzeitung.com<\/a>). Sie erscheint monatlich und ist zudem kostenlos! \u00c4hnlich der Anzeigenbl\u00e4tter in den heimischen Tageszeitungen gibt es vor allem Anzeigen rund um Immobilien, Veranstaltungen, Sonderangebote und so weiter. Aber, vor Ort auf Mallorca, ist sie aus meiner Sicht eine gute Informationsquelle.<\/p>\n<p>Wer es etwas exklusiver mag, dem kann ich das \u201eDeluxe Mallorca\u201c Magazin empfehlen. Eine hochwertig gestaltete Zeitschrift, die vier Mal im Jahr erscheint und ebenfalls kostenlos ist. Sie wurde 2007 von der Deutschen Birgit Unger gegr\u00fcndet. (<a href=\"http:\/\/www.deluxemallorca.com\/\">www.deluxemallorca.com<\/a>).<\/p>\n<p>Sie sehen, liebe Leser \u2013 sowohl der Anteil der deutschen Medien, als auch die Sprachbereitschaft der Bewohner von Mallorca sorgen daf\u00fcr, dass SIE unvergessliche und wunderbare Tage auf der Sonneninsel verbringen werden. Und sollten Sie tats\u00e4chlich mal Probleme haben, k\u00f6nnen Sie sich nat\u00fcrlich direkt an mich wenden. Ich helfe Ihnen nat\u00fcrlich wo ich kann&#8230;<\/p>\n<p>In diesem Sinne und mit einem herzlichen \u201eFins un altra\u201c verbleibe ich mit herzlichen Gr\u00fc\u00dfe,<\/p>\n<p>Ihre<br \/>\nBritt<\/p>\n<h2><\/h2>\n<\/div><\/section><\/div>\n","protected":false},"excerpt":{"rendered":"<p>Petit filologia de les Illes Balears.* Oder auch: Kleine Sprachkunde der Balearen Sie kennen das bestimmt: Der Urlaub ist gebucht und es sind nur noch wenige Wochen, bis die sch\u00f6nste Zeit des Jahres endlich beginnt. Wer in ferne L\u00e4nder reist, m\u00f6chte sich oft mit ein paar Worten der Landessprache verst\u00e4ndigen k\u00f6nnen. Also wird flei\u00dfig in [&hellip;]<\/p>\n","protected":false},"author":4,"featured_media":211,"comment_status":"open","ping_status":"open","sticky":false,"template":"","format":"standard","meta":{"footnotes":""},"categories":[1],"tags":[22,23],"class_list":["post-208","post","type-post","status-publish","format-standard","has-post-thumbnail","hentry","category-allgemein","tag-deutsch-medien","tag-mallorca"],"yoast_head":"<!-- This site is optimized with the Yoast SEO plugin v27.4 - https:\/\/yoast.com\/product\/yoast-seo-wordpress\/ -->\n<title>Deutsche Medien auf Mallorca - Mehrsprachigkeit auf der Insel<\/title>\n<meta name=\"description\" content=\"Leihwagen, Restaurants, Hotel - fast \u00fcberall auf Mallorca wird deutsch gesprochen. Viele Medien berichten in deutscher Sprache \u00fcber die Insel.\u00a0\" \/>\n<meta name=\"robots\" content=\"index, follow, max-snippet:-1, max-image-preview:large, max-video-preview:-1\" \/>\n<link rel=\"canonical\" href=\"https:\/\/www.fincas4you.com\/blog\/deutsche-medien-mallorca\/\" \/>\n<meta property=\"og:locale\" content=\"de_DE\" \/>\n<meta property=\"og:type\" content=\"article\" \/>\n<meta property=\"og:title\" content=\"Deutsche Medien auf Mallorca - Mehrsprachigkeit auf der Insel\" \/>\n<meta property=\"og:description\" content=\"Leihwagen, Restaurants, Hotel - fast \u00fcberall auf Mallorca wird deutsch gesprochen. Viele Medien berichten in deutscher Sprache \u00fcber die Insel.\u00a0\" \/>\n<meta property=\"og:url\" content=\"https:\/\/www.fincas4you.com\/blog\/deutsche-medien-mallorca\/\" \/>\n<meta property=\"og:site_name\" content=\"Fincas4you - Der Mallorca Blog\" \/>\n<meta property=\"article:publisher\" content=\"https:\/\/www.facebook.com\/mallorca.fincas\/\" \/>\n<meta property=\"article:published_time\" content=\"2016-01-28T10:47:38+00:00\" \/>\n<meta property=\"article:modified_time\" content=\"2016-05-19T07:23:45+00:00\" \/>\n<meta property=\"og:image\" content=\"https:\/\/www.fincas4you.com\/blog\/wp-content\/uploads\/2016\/01\/Blog-deutsch1.jpg\" \/>\n\t<meta property=\"og:image:width\" content=\"3264\" \/>\n\t<meta property=\"og:image:height\" content=\"1836\" \/>\n\t<meta property=\"og:image:type\" content=\"image\/jpeg\" \/>\n<meta name=\"author\" content=\"Frank Heinz\" \/>\n<meta name=\"twitter:card\" content=\"summary_large_image\" \/>\n<meta name=\"twitter:label1\" content=\"Verfasst von\" \/>\n\t<meta name=\"twitter:data1\" content=\"Frank Heinz\" \/>\n\t<meta name=\"twitter:label2\" content=\"Gesch\u00e4tzte Lesezeit\" \/>\n\t<meta name=\"twitter:data2\" content=\"6\u00a0Minuten\" \/>\n<script type=\"application\/ld+json\" class=\"yoast-schema-graph\">{\"@context\":\"https:\\\/\\\/schema.org\",\"@graph\":[{\"@type\":\"Article\",\"@id\":\"https:\\\/\\\/www.fincas4you.com\\\/blog\\\/deutsche-medien-mallorca\\\/#article\",\"isPartOf\":{\"@id\":\"https:\\\/\\\/www.fincas4you.com\\\/blog\\\/deutsche-medien-mallorca\\\/\"},\"author\":{\"name\":\"Frank Heinz\",\"@id\":\"https:\\\/\\\/www.fincas4you.com\\\/blog\\\/#\\\/schema\\\/person\\\/6edd73b4d9cbf6a2b9dd2a043cddc232\"},\"headline\":\"Kleine Sprachkunde\",\"datePublished\":\"2016-01-28T10:47:38+00:00\",\"dateModified\":\"2016-05-19T07:23:45+00:00\",\"mainEntityOfPage\":{\"@id\":\"https:\\\/\\\/www.fincas4you.com\\\/blog\\\/deutsche-medien-mallorca\\\/\"},\"wordCount\":1117,\"commentCount\":0,\"publisher\":{\"@id\":\"https:\\\/\\\/www.fincas4you.com\\\/blog\\\/#organization\"},\"image\":{\"@id\":\"https:\\\/\\\/www.fincas4you.com\\\/blog\\\/deutsche-medien-mallorca\\\/#primaryimage\"},\"thumbnailUrl\":\"https:\\\/\\\/www.fincas4you.com\\\/blog\\\/wp-content\\\/uploads\\\/2016\\\/01\\\/Blog-deutsch1.jpg\",\"keywords\":[\"Deutsch Medien\",\"Mallorca\"],\"articleSection\":[\"Mallorca allgemein\"],\"inLanguage\":\"de\",\"potentialAction\":[{\"@type\":\"CommentAction\",\"name\":\"Comment\",\"target\":[\"https:\\\/\\\/www.fincas4you.com\\\/blog\\\/deutsche-medien-mallorca\\\/#respond\"]}]},{\"@type\":\"WebPage\",\"@id\":\"https:\\\/\\\/www.fincas4you.com\\\/blog\\\/deutsche-medien-mallorca\\\/\",\"url\":\"https:\\\/\\\/www.fincas4you.com\\\/blog\\\/deutsche-medien-mallorca\\\/\",\"name\":\"Deutsche Medien auf Mallorca - Mehrsprachigkeit auf der Insel\",\"isPartOf\":{\"@id\":\"https:\\\/\\\/www.fincas4you.com\\\/blog\\\/#website\"},\"primaryImageOfPage\":{\"@id\":\"https:\\\/\\\/www.fincas4you.com\\\/blog\\\/deutsche-medien-mallorca\\\/#primaryimage\"},\"image\":{\"@id\":\"https:\\\/\\\/www.fincas4you.com\\\/blog\\\/deutsche-medien-mallorca\\\/#primaryimage\"},\"thumbnailUrl\":\"https:\\\/\\\/www.fincas4you.com\\\/blog\\\/wp-content\\\/uploads\\\/2016\\\/01\\\/Blog-deutsch1.jpg\",\"datePublished\":\"2016-01-28T10:47:38+00:00\",\"dateModified\":\"2016-05-19T07:23:45+00:00\",\"description\":\"Leihwagen, Restaurants, Hotel - fast \u00fcberall auf Mallorca wird deutsch gesprochen. Viele Medien berichten in deutscher Sprache \u00fcber die Insel.\u00a0\",\"breadcrumb\":{\"@id\":\"https:\\\/\\\/www.fincas4you.com\\\/blog\\\/deutsche-medien-mallorca\\\/#breadcrumb\"},\"inLanguage\":\"de\",\"potentialAction\":[{\"@type\":\"ReadAction\",\"target\":[\"https:\\\/\\\/www.fincas4you.com\\\/blog\\\/deutsche-medien-mallorca\\\/\"]}]},{\"@type\":\"ImageObject\",\"inLanguage\":\"de\",\"@id\":\"https:\\\/\\\/www.fincas4you.com\\\/blog\\\/deutsche-medien-mallorca\\\/#primaryimage\",\"url\":\"https:\\\/\\\/www.fincas4you.com\\\/blog\\\/wp-content\\\/uploads\\\/2016\\\/01\\\/Blog-deutsch1.jpg\",\"contentUrl\":\"https:\\\/\\\/www.fincas4you.com\\\/blog\\\/wp-content\\\/uploads\\\/2016\\\/01\\\/Blog-deutsch1.jpg\",\"width\":3264,\"height\":1836},{\"@type\":\"BreadcrumbList\",\"@id\":\"https:\\\/\\\/www.fincas4you.com\\\/blog\\\/deutsche-medien-mallorca\\\/#breadcrumb\",\"itemListElement\":[{\"@type\":\"ListItem\",\"position\":1,\"name\":\"Startseite\",\"item\":\"https:\\\/\\\/www.fincas4you.com\\\/blog\\\/\"},{\"@type\":\"ListItem\",\"position\":2,\"name\":\"Mallorca allgemein\",\"item\":\"https:\\\/\\\/www.fincas4you.com\\\/blog\\\/category\\\/allgemein\\\/\"},{\"@type\":\"ListItem\",\"position\":3,\"name\":\"Kleine Sprachkunde\"}]},{\"@type\":\"WebSite\",\"@id\":\"https:\\\/\\\/www.fincas4you.com\\\/blog\\\/#website\",\"url\":\"https:\\\/\\\/www.fincas4you.com\\\/blog\\\/\",\"name\":\"Fincas4you - Der Mallorca Blog\",\"description\":\"\",\"publisher\":{\"@id\":\"https:\\\/\\\/www.fincas4you.com\\\/blog\\\/#organization\"},\"potentialAction\":[{\"@type\":\"SearchAction\",\"target\":{\"@type\":\"EntryPoint\",\"urlTemplate\":\"https:\\\/\\\/www.fincas4you.com\\\/blog\\\/?s={search_term_string}\"},\"query-input\":{\"@type\":\"PropertyValueSpecification\",\"valueRequired\":true,\"valueName\":\"search_term_string\"}}],\"inLanguage\":\"de\"},{\"@type\":\"Organization\",\"@id\":\"https:\\\/\\\/www.fincas4you.com\\\/blog\\\/#organization\",\"name\":\"fincas4you AG\",\"url\":\"https:\\\/\\\/www.fincas4you.com\\\/blog\\\/\",\"logo\":{\"@type\":\"ImageObject\",\"inLanguage\":\"de\",\"@id\":\"https:\\\/\\\/www.fincas4you.com\\\/blog\\\/#\\\/schema\\\/logo\\\/image\\\/\",\"url\":\"https:\\\/\\\/www.fincas4you.com\\\/blog\\\/wp-content\\\/uploads\\\/2015\\\/10\\\/fincas4you.png\",\"contentUrl\":\"https:\\\/\\\/www.fincas4you.com\\\/blog\\\/wp-content\\\/uploads\\\/2015\\\/10\\\/fincas4you.png\",\"width\":250,\"height\":90,\"caption\":\"fincas4you AG\"},\"image\":{\"@id\":\"https:\\\/\\\/www.fincas4you.com\\\/blog\\\/#\\\/schema\\\/logo\\\/image\\\/\"},\"sameAs\":[\"https:\\\/\\\/www.facebook.com\\\/mallorca.fincas\\\/\",\"https:\\\/\\\/www.instagram.com\\\/fincas4you\\\/\",\"https:\\\/\\\/www.youtube.com\\\/c\\\/Fincas4you\"]},{\"@type\":\"Person\",\"@id\":\"https:\\\/\\\/www.fincas4you.com\\\/blog\\\/#\\\/schema\\\/person\\\/6edd73b4d9cbf6a2b9dd2a043cddc232\",\"name\":\"Frank Heinz\",\"image\":{\"@type\":\"ImageObject\",\"inLanguage\":\"de\",\"@id\":\"https:\\\/\\\/secure.gravatar.com\\\/avatar\\\/382f565def3ef5764709c5fd245b7029e8e4a6f8c95b94791fb5117cef07540b?s=96&d=mm&r=g\",\"url\":\"https:\\\/\\\/secure.gravatar.com\\\/avatar\\\/382f565def3ef5764709c5fd245b7029e8e4a6f8c95b94791fb5117cef07540b?s=96&d=mm&r=g\",\"contentUrl\":\"https:\\\/\\\/secure.gravatar.com\\\/avatar\\\/382f565def3ef5764709c5fd245b7029e8e4a6f8c95b94791fb5117cef07540b?s=96&d=mm&r=g\",\"caption\":\"Frank Heinz\"}}]}<\/script>\n<!-- \/ Yoast SEO plugin. -->","yoast_head_json":{"title":"Deutsche Medien auf Mallorca - Mehrsprachigkeit auf der Insel","description":"Leihwagen, Restaurants, Hotel - fast \u00fcberall auf Mallorca wird deutsch gesprochen. Viele Medien berichten in deutscher Sprache \u00fcber die Insel.\u00a0","robots":{"index":"index","follow":"follow","max-snippet":"max-snippet:-1","max-image-preview":"max-image-preview:large","max-video-preview":"max-video-preview:-1"},"canonical":"https:\/\/www.fincas4you.com\/blog\/deutsche-medien-mallorca\/","og_locale":"de_DE","og_type":"article","og_title":"Deutsche Medien auf Mallorca - Mehrsprachigkeit auf der Insel","og_description":"Leihwagen, Restaurants, Hotel - fast \u00fcberall auf Mallorca wird deutsch gesprochen. Viele Medien berichten in deutscher Sprache \u00fcber die Insel.\u00a0","og_url":"https:\/\/www.fincas4you.com\/blog\/deutsche-medien-mallorca\/","og_site_name":"Fincas4you - Der Mallorca Blog","article_publisher":"https:\/\/www.facebook.com\/mallorca.fincas\/","article_published_time":"2016-01-28T10:47:38+00:00","article_modified_time":"2016-05-19T07:23:45+00:00","og_image":[{"width":3264,"height":1836,"url":"https:\/\/www.fincas4you.com\/blog\/wp-content\/uploads\/2016\/01\/Blog-deutsch1.jpg","type":"image\/jpeg"}],"author":"Frank Heinz","twitter_card":"summary_large_image","twitter_misc":{"Verfasst von":"Frank Heinz","Gesch\u00e4tzte Lesezeit":"6\u00a0Minuten"},"schema":{"@context":"https:\/\/schema.org","@graph":[{"@type":"Article","@id":"https:\/\/www.fincas4you.com\/blog\/deutsche-medien-mallorca\/#article","isPartOf":{"@id":"https:\/\/www.fincas4you.com\/blog\/deutsche-medien-mallorca\/"},"author":{"name":"Frank Heinz","@id":"https:\/\/www.fincas4you.com\/blog\/#\/schema\/person\/6edd73b4d9cbf6a2b9dd2a043cddc232"},"headline":"Kleine Sprachkunde","datePublished":"2016-01-28T10:47:38+00:00","dateModified":"2016-05-19T07:23:45+00:00","mainEntityOfPage":{"@id":"https:\/\/www.fincas4you.com\/blog\/deutsche-medien-mallorca\/"},"wordCount":1117,"commentCount":0,"publisher":{"@id":"https:\/\/www.fincas4you.com\/blog\/#organization"},"image":{"@id":"https:\/\/www.fincas4you.com\/blog\/deutsche-medien-mallorca\/#primaryimage"},"thumbnailUrl":"https:\/\/www.fincas4you.com\/blog\/wp-content\/uploads\/2016\/01\/Blog-deutsch1.jpg","keywords":["Deutsch Medien","Mallorca"],"articleSection":["Mallorca allgemein"],"inLanguage":"de","potentialAction":[{"@type":"CommentAction","name":"Comment","target":["https:\/\/www.fincas4you.com\/blog\/deutsche-medien-mallorca\/#respond"]}]},{"@type":"WebPage","@id":"https:\/\/www.fincas4you.com\/blog\/deutsche-medien-mallorca\/","url":"https:\/\/www.fincas4you.com\/blog\/deutsche-medien-mallorca\/","name":"Deutsche Medien auf Mallorca - Mehrsprachigkeit auf der Insel","isPartOf":{"@id":"https:\/\/www.fincas4you.com\/blog\/#website"},"primaryImageOfPage":{"@id":"https:\/\/www.fincas4you.com\/blog\/deutsche-medien-mallorca\/#primaryimage"},"image":{"@id":"https:\/\/www.fincas4you.com\/blog\/deutsche-medien-mallorca\/#primaryimage"},"thumbnailUrl":"https:\/\/www.fincas4you.com\/blog\/wp-content\/uploads\/2016\/01\/Blog-deutsch1.jpg","datePublished":"2016-01-28T10:47:38+00:00","dateModified":"2016-05-19T07:23:45+00:00","description":"Leihwagen, Restaurants, Hotel - fast \u00fcberall auf Mallorca wird deutsch gesprochen. Viele Medien berichten in deutscher Sprache \u00fcber die Insel.\u00a0","breadcrumb":{"@id":"https:\/\/www.fincas4you.com\/blog\/deutsche-medien-mallorca\/#breadcrumb"},"inLanguage":"de","potentialAction":[{"@type":"ReadAction","target":["https:\/\/www.fincas4you.com\/blog\/deutsche-medien-mallorca\/"]}]},{"@type":"ImageObject","inLanguage":"de","@id":"https:\/\/www.fincas4you.com\/blog\/deutsche-medien-mallorca\/#primaryimage","url":"https:\/\/www.fincas4you.com\/blog\/wp-content\/uploads\/2016\/01\/Blog-deutsch1.jpg","contentUrl":"https:\/\/www.fincas4you.com\/blog\/wp-content\/uploads\/2016\/01\/Blog-deutsch1.jpg","width":3264,"height":1836},{"@type":"BreadcrumbList","@id":"https:\/\/www.fincas4you.com\/blog\/deutsche-medien-mallorca\/#breadcrumb","itemListElement":[{"@type":"ListItem","position":1,"name":"Startseite","item":"https:\/\/www.fincas4you.com\/blog\/"},{"@type":"ListItem","position":2,"name":"Mallorca allgemein","item":"https:\/\/www.fincas4you.com\/blog\/category\/allgemein\/"},{"@type":"ListItem","position":3,"name":"Kleine Sprachkunde"}]},{"@type":"WebSite","@id":"https:\/\/www.fincas4you.com\/blog\/#website","url":"https:\/\/www.fincas4you.com\/blog\/","name":"Fincas4you - Der Mallorca Blog","description":"","publisher":{"@id":"https:\/\/www.fincas4you.com\/blog\/#organization"},"potentialAction":[{"@type":"SearchAction","target":{"@type":"EntryPoint","urlTemplate":"https:\/\/www.fincas4you.com\/blog\/?s={search_term_string}"},"query-input":{"@type":"PropertyValueSpecification","valueRequired":true,"valueName":"search_term_string"}}],"inLanguage":"de"},{"@type":"Organization","@id":"https:\/\/www.fincas4you.com\/blog\/#organization","name":"fincas4you AG","url":"https:\/\/www.fincas4you.com\/blog\/","logo":{"@type":"ImageObject","inLanguage":"de","@id":"https:\/\/www.fincas4you.com\/blog\/#\/schema\/logo\/image\/","url":"https:\/\/www.fincas4you.com\/blog\/wp-content\/uploads\/2015\/10\/fincas4you.png","contentUrl":"https:\/\/www.fincas4you.com\/blog\/wp-content\/uploads\/2015\/10\/fincas4you.png","width":250,"height":90,"caption":"fincas4you AG"},"image":{"@id":"https:\/\/www.fincas4you.com\/blog\/#\/schema\/logo\/image\/"},"sameAs":["https:\/\/www.facebook.com\/mallorca.fincas\/","https:\/\/www.instagram.com\/fincas4you\/","https:\/\/www.youtube.com\/c\/Fincas4you"]},{"@type":"Person","@id":"https:\/\/www.fincas4you.com\/blog\/#\/schema\/person\/6edd73b4d9cbf6a2b9dd2a043cddc232","name":"Frank Heinz","image":{"@type":"ImageObject","inLanguage":"de","@id":"https:\/\/secure.gravatar.com\/avatar\/382f565def3ef5764709c5fd245b7029e8e4a6f8c95b94791fb5117cef07540b?s=96&d=mm&r=g","url":"https:\/\/secure.gravatar.com\/avatar\/382f565def3ef5764709c5fd245b7029e8e4a6f8c95b94791fb5117cef07540b?s=96&d=mm&r=g","contentUrl":"https:\/\/secure.gravatar.com\/avatar\/382f565def3ef5764709c5fd245b7029e8e4a6f8c95b94791fb5117cef07540b?s=96&d=mm&r=g","caption":"Frank Heinz"}}]}},"_links":{"self":[{"href":"https:\/\/www.fincas4you.com\/blog\/wp-json\/wp\/v2\/posts\/208","targetHints":{"allow":["GET"]}}],"collection":[{"href":"https:\/\/www.fincas4you.com\/blog\/wp-json\/wp\/v2\/posts"}],"about":[{"href":"https:\/\/www.fincas4you.com\/blog\/wp-json\/wp\/v2\/types\/post"}],"author":[{"embeddable":true,"href":"https:\/\/www.fincas4you.com\/blog\/wp-json\/wp\/v2\/users\/4"}],"replies":[{"embeddable":true,"href":"https:\/\/www.fincas4you.com\/blog\/wp-json\/wp\/v2\/comments?post=208"}],"version-history":[{"count":0,"href":"https:\/\/www.fincas4you.com\/blog\/wp-json\/wp\/v2\/posts\/208\/revisions"}],"wp:featuredmedia":[{"embeddable":true,"href":"https:\/\/www.fincas4you.com\/blog\/wp-json\/wp\/v2\/media\/211"}],"wp:attachment":[{"href":"https:\/\/www.fincas4you.com\/blog\/wp-json\/wp\/v2\/media?parent=208"}],"wp:term":[{"taxonomy":"category","embeddable":true,"href":"https:\/\/www.fincas4you.com\/blog\/wp-json\/wp\/v2\/categories?post=208"},{"taxonomy":"post_tag","embeddable":true,"href":"https:\/\/www.fincas4you.com\/blog\/wp-json\/wp\/v2\/tags?post=208"}],"curies":[{"name":"wp","href":"https:\/\/api.w.org\/{rel}","templated":true}]}}